{"id":898,"date":"2017-12-02T10:41:20","date_gmt":"2017-12-02T10:41:20","guid":{"rendered":"http:\/\/d2n2.org\/blogs\/Elarpadenoe\/?p=898"},"modified":"2017-12-02T21:22:52","modified_gmt":"2017-12-02T21:22:52","slug":"maria-musica-dios","status":"publish","type":"post","link":"https:\/\/d2n2.org\/blogs\/Elarpadenoe\/maria-musica-dios\/","title":{"rendered":"Mar\u00eda, m\u00fasica de Dios"},"content":{"rendered":"<span id=\"post-ratings-898\" class=\"post-ratings\" data-nonce=\"93556fa526\"><img decoding=\"async\" id=\"rating_898_1\" src=\"https:\/\/d2n2.org\/blogs\/Elarpadenoe\/wp-content\/plugins\/wp-postratings\/images\/heart\/rating_1_on.gif\" alt=\"Me gusta\" title=\"Me gusta\" onmouseover=\"current_rating(898, 1, 'Me gusta');\" onmouseout=\"ratings_off(1, 0, 0);\" onclick=\"rate_post();\" onkeypress=\"rate_post();\" style=\"cursor: pointer; border: 0px;\" \/> (<strong>1<\/strong> votos, promedio: <strong>1,00<\/strong> de 1)<br \/><span class=\"post-ratings-text\" id=\"ratings_898_text\"><\/span><\/span><span id=\"post-ratings-898-loading\" class=\"post-ratings-loading\"><img decoding=\"async\" src=\"https:\/\/d2n2.org\/blogs\/Elarpadenoe\/wp-content\/plugins\/wp-postratings\/images\/loading.gif\" width=\"16\" height=\"16\" class=\"post-ratings-image\" \/>Cargando...<\/span>\n<audio class=\"wp-audio-shortcode\" id=\"audio-898-1\" preload=\"none\" style=\"width: 100%;\" controls=\"controls\"><source type=\"audio\/mpeg\" src=\"http:\/\/d2n2.org\/blogs\/Elarpadenoe\/wp-content\/uploads\/2017\/06\/MARIA-MUSICA-DE-DIOS.mp3?_=1\" \/><a href=\"http:\/\/d2n2.org\/blogs\/Elarpadenoe\/wp-content\/uploads\/2017\/06\/MARIA-MUSICA-DE-DIOS.mp3\">http:\/\/d2n2.org\/blogs\/Elarpadenoe\/wp-content\/uploads\/2017\/06\/MARIA-MUSICA-DE-DIOS.mp3<\/a><\/audio>\n<p><a href=\"http:\/\/d2n2.org\/blogs\/Elarpadenoe\/wp-content\/uploads\/2017\/06\/MARIA-MUSICA-DE-DIOS.mp3\">Mar\u00eda, m\u00fasica de Dios<\/a><\/p>\n<p>Do\trem Sol\tDo-mim-lam<br \/>\nMe qued\u00e9 sin voz con que cantar,<br \/>\n\trem Fa\tSol\tDo<br \/>\ny mi alma vac\u00eda dorm\u00eda en soledad.<br \/>\nrem Sol\tDo-mim-lam<br \/>\nY pens\u00e9 para m\u00ed, me pondr\u00e9 en sus manos,<br \/>\nrem    Fa\tSol\tLa7<br \/>\nmanos de Madre, me dejar\u00e9 en su amor.<\/p>\n<p>\tRe\tsim\tSol\tLa\tRe<br \/>\nY TU MAR\u00cdA, HAZME M\u00daSICA DE DIOS,<\/p>\n<p>\tsim Sol La\tRe<br \/>\nY TU MAR\u00cdA, ANIMA TU LAS CUERDAS<br \/>\n\tsim \tSol\tLa\tSol\tRe\tDo<br \/>\nDE MI ALMA, ALELUYA, AM\u00c9N.<\/p>\n<p>Mar\u00eda acompa\u00f1a t\u00fa mi caminar,<br \/>\nyo solo no puedo, ay\u00fadame a andar.<br \/>\nY pens\u00e9 para m\u00ed, me pondr\u00e9 en sus manos, manos de madre, me dejar\u00e9 en su amor.<\/p>\n","protected":false},"excerpt":{"rendered":"<p>Mar\u00eda, m\u00fasica de Dios Do rem Sol Do-mim-lam Me qued\u00e9 sin voz con que cantar, rem Fa Sol Do y [&hellip;]<\/p>\n","protected":false},"author":4,"featured_media":0,"comment_status":"open","ping_status":"open","sticky":false,"template":"","format":"standard","meta":{"_monsterinsights_skip_tracking":false,"_monsterinsights_sitenote_active":false,"_monsterinsights_sitenote_note":"","_monsterinsights_sitenote_category":0,"site-sidebar-layout":"default","site-content-layout":"","ast-site-content-layout":"","site-content-style":"default","site-sidebar-style":"default","ast-global-header-display":"","ast-banner-title-visibility":"","ast-main-header-display":"","ast-hfb-above-header-display":"","ast-hfb-below-header-display":"","ast-hfb-mobile-header-display":"","site-post-title":"","ast-breadcrumbs-content":"","ast-featured-img":"","footer-sml-layout":"","theme-transparent-header-meta":"","adv-header-id-meta":"","stick-header-meta":"","header-above-stick-meta":"","header-main-stick-meta":"","header-below-stick-meta":"","astra-migrate-meta-layouts":"default","ast-page-background-enabled":"default","ast-page-background-meta":{"desktop":{"background-color":"var(--ast-global-color-4)","background-image":"","background-repeat":"repeat","background-position":"center center","background-size":"auto","background-attachment":"scroll","background-type":"","background-media":"","overlay-type":"","overlay-color":"","overlay-gradient":""},"tablet":{"background-color":"","background-image":"","background-repeat":"repeat","background-position":"center center","background-size":"auto","background-attachment":"scroll","background-type":"","background-media":"","overlay-type":"","overlay-color":"","overlay-gradient":""},"mobile":{"background-color":"","background-image":"","background-repeat":"repeat","background-position":"center center","background-size":"auto","background-attachment":"scroll","background-type":"","background-media":"","overlay-type":"","overlay-color":"","overlay-gradient":""}},"ast-content-background-meta":{"desktop":{"background-color":"var(--ast-global-color-5)","background-image":"","background-repeat":"repeat","background-position":"center center","background-size":"auto","background-attachment":"scroll","background-type":"","background-media":"","overlay-type":"","overlay-color":"","overlay-gradient":""},"tablet":{"background-color":"var(--ast-global-color-5)","background-image":"","background-repeat":"repeat","background-position":"center center","background-size":"auto","background-attachment":"scroll","background-type":"","background-media":"","overlay-type":"","overlay-color":"","overlay-gradient":""},"mobile":{"background-color":"var(--ast-global-color-5)","background-image":"","background-repeat":"repeat","background-position":"center center","background-size":"auto","background-attachment":"scroll","background-type":"","background-media":"","overlay-type":"","overlay-color":"","overlay-gradient":""}},"footnotes":"","_links_to":"","_links_to_target":""},"categories":[4,52],"tags":[],"class_list":["post-898","post","type-post","status-publish","format-standard","hentry","category-maria","category-m"],"yoast_head":"<!-- This site is optimized with the Yoast SEO plugin v26.9 - https:\/\/yoast.com\/product\/yoast-seo-wordpress\/ -->\n<title>Mar\u00eda, m\u00fasica de Dios - El arpa de No\u00e9<\/title>\n<meta name=\"robots\" content=\"index, follow, max-snippet:-1, max-image-preview:large, max-video-preview:-1\" \/>\n<link rel=\"canonical\" href=\"https:\/\/d2n2.org\/blogs\/Elarpadenoe\/maria-musica-dios\/\" \/>\n<meta property=\"og:locale\" content=\"es_ES\" \/>\n<meta property=\"og:type\" content=\"article\" \/>\n<meta property=\"og:title\" content=\"Mar\u00eda, m\u00fasica de Dios - El arpa de No\u00e9\" \/>\n<meta property=\"og:description\" content=\"Mar\u00eda, m\u00fasica de Dios Do rem Sol Do-mim-lam Me qued\u00e9 sin voz con que cantar, rem Fa Sol Do y [&hellip;]\" \/>\n<meta property=\"og:url\" content=\"https:\/\/d2n2.org\/blogs\/Elarpadenoe\/maria-musica-dios\/\" \/>\n<meta property=\"og:site_name\" content=\"El arpa de No\u00e9\" \/>\n<meta property=\"article:published_time\" content=\"2017-12-02T10:41:20+00:00\" \/>\n<meta property=\"article:modified_time\" content=\"2017-12-02T21:22:52+00:00\" \/>\n<meta name=\"author\" content=\"Arturo de C\u00e1ceres\" \/>\n<meta name=\"twitter:label1\" content=\"Escrito por\" \/>\n\t<meta name=\"twitter:data1\" content=\"Arturo de C\u00e1ceres\" \/>\n\t<meta name=\"twitter:label2\" content=\"Tiempo de lectura\" \/>\n\t<meta name=\"twitter:data2\" content=\"1 minuto\" \/>\n<script type=\"application\/ld+json\" class=\"yoast-schema-graph\">{\"@context\":\"https:\/\/schema.org\",\"@graph\":[{\"@type\":\"Article\",\"@id\":\"https:\/\/d2n2.org\/blogs\/Elarpadenoe\/maria-musica-dios\/#article\",\"isPartOf\":{\"@id\":\"https:\/\/d2n2.org\/blogs\/Elarpadenoe\/maria-musica-dios\/\"},\"author\":{\"name\":\"Arturo de C\u00e1ceres\",\"@id\":\"https:\/\/d2n2.org\/blogs\/Elarpadenoe\/#\/schema\/person\/f67608cac647351c030ac446487adef7\"},\"headline\":\"Mar\u00eda, m\u00fasica de Dios\",\"datePublished\":\"2017-12-02T10:41:20+00:00\",\"dateModified\":\"2017-12-02T21:22:52+00:00\",\"mainEntityOfPage\":{\"@id\":\"https:\/\/d2n2.org\/blogs\/Elarpadenoe\/maria-musica-dios\/\"},\"wordCount\":144,\"commentCount\":0,\"articleSection\":[\"Mar\u00eda\",\"M\"],\"inLanguage\":\"es\",\"potentialAction\":[{\"@type\":\"CommentAction\",\"name\":\"Comment\",\"target\":[\"https:\/\/d2n2.org\/blogs\/Elarpadenoe\/maria-musica-dios\/#respond\"]}]},{\"@type\":\"WebPage\",\"@id\":\"https:\/\/d2n2.org\/blogs\/Elarpadenoe\/maria-musica-dios\/\",\"url\":\"https:\/\/d2n2.org\/blogs\/Elarpadenoe\/maria-musica-dios\/\",\"name\":\"Mar\u00eda, m\u00fasica de Dios - El arpa de No\u00e9\",\"isPartOf\":{\"@id\":\"https:\/\/d2n2.org\/blogs\/Elarpadenoe\/#website\"},\"datePublished\":\"2017-12-02T10:41:20+00:00\",\"dateModified\":\"2017-12-02T21:22:52+00:00\",\"author\":{\"@id\":\"https:\/\/d2n2.org\/blogs\/Elarpadenoe\/#\/schema\/person\/f67608cac647351c030ac446487adef7\"},\"breadcrumb\":{\"@id\":\"https:\/\/d2n2.org\/blogs\/Elarpadenoe\/maria-musica-dios\/#breadcrumb\"},\"inLanguage\":\"es\",\"potentialAction\":[{\"@type\":\"ReadAction\",\"target\":[\"https:\/\/d2n2.org\/blogs\/Elarpadenoe\/maria-musica-dios\/\"]}]},{\"@type\":\"BreadcrumbList\",\"@id\":\"https:\/\/d2n2.org\/blogs\/Elarpadenoe\/maria-musica-dios\/#breadcrumb\",\"itemListElement\":[{\"@type\":\"ListItem\",\"position\":1,\"name\":\"Home\",\"item\":\"https:\/\/d2n2.org\/blogs\/Elarpadenoe\/\"},{\"@type\":\"ListItem\",\"position\":2,\"name\":\"Mar\u00eda, m\u00fasica de Dios\"}]},{\"@type\":\"WebSite\",\"@id\":\"https:\/\/d2n2.org\/blogs\/Elarpadenoe\/#website\",\"url\":\"https:\/\/d2n2.org\/blogs\/Elarpadenoe\/\",\"name\":\"El arpa de No\u00e9\",\"description\":\"\u00a1Salvemos las canciones!\",\"potentialAction\":[{\"@type\":\"SearchAction\",\"target\":{\"@type\":\"EntryPoint\",\"urlTemplate\":\"https:\/\/d2n2.org\/blogs\/Elarpadenoe\/?s={search_term_string}\"},\"query-input\":{\"@type\":\"PropertyValueSpecification\",\"valueRequired\":true,\"valueName\":\"search_term_string\"}}],\"inLanguage\":\"es\"},{\"@type\":\"Person\",\"@id\":\"https:\/\/d2n2.org\/blogs\/Elarpadenoe\/#\/schema\/person\/f67608cac647351c030ac446487adef7\",\"name\":\"Arturo de C\u00e1ceres\",\"image\":{\"@type\":\"ImageObject\",\"inLanguage\":\"es\",\"@id\":\"https:\/\/d2n2.org\/blogs\/Elarpadenoe\/#\/schema\/person\/image\/\",\"url\":\"https:\/\/secure.gravatar.com\/avatar\/17f7ce5ab6b48234b35e3df3e711035a892ad497dfa5c015e2ed965200f2c5a9?s=96&d=mm&r=g\",\"contentUrl\":\"https:\/\/secure.gravatar.com\/avatar\/17f7ce5ab6b48234b35e3df3e711035a892ad497dfa5c015e2ed965200f2c5a9?s=96&d=mm&r=g\",\"caption\":\"Arturo de C\u00e1ceres\"},\"url\":\"https:\/\/d2n2.org\/blogs\/Elarpadenoe\/author\/garturete\/\"}]}<\/script>\n<!-- \/ Yoast SEO plugin. -->","yoast_head_json":{"title":"Mar\u00eda, m\u00fasica de Dios - El arpa de No\u00e9","robots":{"index":"index","follow":"follow","max-snippet":"max-snippet:-1","max-image-preview":"max-image-preview:large","max-video-preview":"max-video-preview:-1"},"canonical":"https:\/\/d2n2.org\/blogs\/Elarpadenoe\/maria-musica-dios\/","og_locale":"es_ES","og_type":"article","og_title":"Mar\u00eda, m\u00fasica de Dios - El arpa de No\u00e9","og_description":"Mar\u00eda, m\u00fasica de Dios Do rem Sol Do-mim-lam Me qued\u00e9 sin voz con que cantar, rem Fa Sol Do y [&hellip;]","og_url":"https:\/\/d2n2.org\/blogs\/Elarpadenoe\/maria-musica-dios\/","og_site_name":"El arpa de No\u00e9","article_published_time":"2017-12-02T10:41:20+00:00","article_modified_time":"2017-12-02T21:22:52+00:00","author":"Arturo de C\u00e1ceres","twitter_misc":{"Escrito por":"Arturo de C\u00e1ceres","Tiempo de lectura":"1 minuto"},"schema":{"@context":"https:\/\/schema.org","@graph":[{"@type":"Article","@id":"https:\/\/d2n2.org\/blogs\/Elarpadenoe\/maria-musica-dios\/#article","isPartOf":{"@id":"https:\/\/d2n2.org\/blogs\/Elarpadenoe\/maria-musica-dios\/"},"author":{"name":"Arturo de C\u00e1ceres","@id":"https:\/\/d2n2.org\/blogs\/Elarpadenoe\/#\/schema\/person\/f67608cac647351c030ac446487adef7"},"headline":"Mar\u00eda, m\u00fasica de Dios","datePublished":"2017-12-02T10:41:20+00:00","dateModified":"2017-12-02T21:22:52+00:00","mainEntityOfPage":{"@id":"https:\/\/d2n2.org\/blogs\/Elarpadenoe\/maria-musica-dios\/"},"wordCount":144,"commentCount":0,"articleSection":["Mar\u00eda","M"],"inLanguage":"es","potentialAction":[{"@type":"CommentAction","name":"Comment","target":["https:\/\/d2n2.org\/blogs\/Elarpadenoe\/maria-musica-dios\/#respond"]}]},{"@type":"WebPage","@id":"https:\/\/d2n2.org\/blogs\/Elarpadenoe\/maria-musica-dios\/","url":"https:\/\/d2n2.org\/blogs\/Elarpadenoe\/maria-musica-dios\/","name":"Mar\u00eda, m\u00fasica de Dios - El arpa de No\u00e9","isPartOf":{"@id":"https:\/\/d2n2.org\/blogs\/Elarpadenoe\/#website"},"datePublished":"2017-12-02T10:41:20+00:00","dateModified":"2017-12-02T21:22:52+00:00","author":{"@id":"https:\/\/d2n2.org\/blogs\/Elarpadenoe\/#\/schema\/person\/f67608cac647351c030ac446487adef7"},"breadcrumb":{"@id":"https:\/\/d2n2.org\/blogs\/Elarpadenoe\/maria-musica-dios\/#breadcrumb"},"inLanguage":"es","potentialAction":[{"@type":"ReadAction","target":["https:\/\/d2n2.org\/blogs\/Elarpadenoe\/maria-musica-dios\/"]}]},{"@type":"BreadcrumbList","@id":"https:\/\/d2n2.org\/blogs\/Elarpadenoe\/maria-musica-dios\/#breadcrumb","itemListElement":[{"@type":"ListItem","position":1,"name":"Home","item":"https:\/\/d2n2.org\/blogs\/Elarpadenoe\/"},{"@type":"ListItem","position":2,"name":"Mar\u00eda, m\u00fasica de Dios"}]},{"@type":"WebSite","@id":"https:\/\/d2n2.org\/blogs\/Elarpadenoe\/#website","url":"https:\/\/d2n2.org\/blogs\/Elarpadenoe\/","name":"El arpa de No\u00e9","description":"\u00a1Salvemos las canciones!","potentialAction":[{"@type":"SearchAction","target":{"@type":"EntryPoint","urlTemplate":"https:\/\/d2n2.org\/blogs\/Elarpadenoe\/?s={search_term_string}"},"query-input":{"@type":"PropertyValueSpecification","valueRequired":true,"valueName":"search_term_string"}}],"inLanguage":"es"},{"@type":"Person","@id":"https:\/\/d2n2.org\/blogs\/Elarpadenoe\/#\/schema\/person\/f67608cac647351c030ac446487adef7","name":"Arturo de C\u00e1ceres","image":{"@type":"ImageObject","inLanguage":"es","@id":"https:\/\/d2n2.org\/blogs\/Elarpadenoe\/#\/schema\/person\/image\/","url":"https:\/\/secure.gravatar.com\/avatar\/17f7ce5ab6b48234b35e3df3e711035a892ad497dfa5c015e2ed965200f2c5a9?s=96&d=mm&r=g","contentUrl":"https:\/\/secure.gravatar.com\/avatar\/17f7ce5ab6b48234b35e3df3e711035a892ad497dfa5c015e2ed965200f2c5a9?s=96&d=mm&r=g","caption":"Arturo de C\u00e1ceres"},"url":"https:\/\/d2n2.org\/blogs\/Elarpadenoe\/author\/garturete\/"}]}},"_links":{"self":[{"href":"https:\/\/d2n2.org\/blogs\/Elarpadenoe\/wp-json\/wp\/v2\/posts\/898","targetHints":{"allow":["GET"]}}],"collection":[{"href":"https:\/\/d2n2.org\/blogs\/Elarpadenoe\/wp-json\/wp\/v2\/posts"}],"about":[{"href":"https:\/\/d2n2.org\/blogs\/Elarpadenoe\/wp-json\/wp\/v2\/types\/post"}],"author":[{"embeddable":true,"href":"https:\/\/d2n2.org\/blogs\/Elarpadenoe\/wp-json\/wp\/v2\/users\/4"}],"replies":[{"embeddable":true,"href":"https:\/\/d2n2.org\/blogs\/Elarpadenoe\/wp-json\/wp\/v2\/comments?post=898"}],"version-history":[{"count":1,"href":"https:\/\/d2n2.org\/blogs\/Elarpadenoe\/wp-json\/wp\/v2\/posts\/898\/revisions"}],"predecessor-version":[{"id":900,"href":"https:\/\/d2n2.org\/blogs\/Elarpadenoe\/wp-json\/wp\/v2\/posts\/898\/revisions\/900"}],"wp:attachment":[{"href":"https:\/\/d2n2.org\/blogs\/Elarpadenoe\/wp-json\/wp\/v2\/media?parent=898"}],"wp:term":[{"taxonomy":"category","embeddable":true,"href":"https:\/\/d2n2.org\/blogs\/Elarpadenoe\/wp-json\/wp\/v2\/categories?post=898"},{"taxonomy":"post_tag","embeddable":true,"href":"https:\/\/d2n2.org\/blogs\/Elarpadenoe\/wp-json\/wp\/v2\/tags?post=898"}],"curies":[{"name":"wp","href":"https:\/\/api.w.org\/{rel}","templated":true}]}}