{"id":830,"date":"2017-08-20T10:58:12","date_gmt":"2017-08-20T10:58:12","guid":{"rendered":"http:\/\/d2n2.org\/blogs\/Elarpadenoe\/?p=830"},"modified":"2017-06-13T14:58:09","modified_gmt":"2017-06-13T14:58:09","slug":"oracion-del-pobre","status":"publish","type":"post","link":"https:\/\/d2n2.org\/blogs\/Elarpadenoe\/oracion-del-pobre\/","title":{"rendered":"Oraci\u00f3n del pobre"},"content":{"rendered":"<span id=\"post-ratings-830\" class=\"post-ratings\" data-nonce=\"597e2ef5b6\"><img decoding=\"async\" id=\"rating_830_1\" src=\"https:\/\/d2n2.org\/blogs\/Elarpadenoe\/wp-content\/plugins\/wp-postratings\/images\/heart\/rating_1_on.gif\" alt=\"Me gusta\" title=\"Me gusta\" onmouseover=\"current_rating(830, 1, 'Me gusta');\" onmouseout=\"ratings_off(1, 0, 0);\" onclick=\"rate_post();\" onkeypress=\"rate_post();\" style=\"cursor: pointer; border: 0px;\" \/> (<strong>1<\/strong> votos, promedio: <strong>1,00<\/strong> de 1)<br \/><span class=\"post-ratings-text\" id=\"ratings_830_text\"><\/span><\/span><span id=\"post-ratings-830-loading\" class=\"post-ratings-loading\"><img decoding=\"async\" src=\"https:\/\/d2n2.org\/blogs\/Elarpadenoe\/wp-content\/plugins\/wp-postratings\/images\/loading.gif\" width=\"16\" height=\"16\" class=\"post-ratings-image\" \/>Cargando...<\/span>\n<audio class=\"wp-audio-shortcode\" id=\"audio-830-1\" preload=\"none\" style=\"width: 100%;\" controls=\"controls\"><source type=\"audio\/mpeg\" src=\"http:\/\/d2n2.org\/blogs\/Elarpadenoe\/wp-content\/uploads\/2017\/06\/ORACION-DEL-POBRE.mp3?_=1\" \/><a href=\"http:\/\/d2n2.org\/blogs\/Elarpadenoe\/wp-content\/uploads\/2017\/06\/ORACION-DEL-POBRE.mp3\">http:\/\/d2n2.org\/blogs\/Elarpadenoe\/wp-content\/uploads\/2017\/06\/ORACION-DEL-POBRE.mp3<\/a><\/audio>\n<p><a href=\"http:\/\/d2n2.org\/blogs\/Elarpadenoe\/wp-content\/uploads\/2017\/06\/ORACION-DEL-POBRE.mp3\">Oraci\u00f3n del pobre<\/a><\/p>\n<p>lam\t\tDo\tSol\tlam\tMi-lam<br \/>\n* Vengo ante Ti, mi Se\u00f1or, reconociendo mi culpa,<br \/>\nFa\t\tSol\tDo<br \/>\ncon la fe puesta en tu amor<br \/>\nrem\t     lam\t\tMi\tlam<br \/>\nque tu me das como a un hijo.<br \/>\nDo\t   Fa\t   Sol\tDo<br \/>\nTe abro mi coraz\u00f3n y te ofrezco mi miseria,<br \/>\nrem\tlam<br \/>\ndespojado de mis cosas,<br \/>\nMi\t\t\tlam<br \/>\nquiero llenarme de Ti.<\/p>\n<p>La\t\t\t\tMi<br \/>\nQUE TU ESPIRITU, SE\u00d1OR,<br \/>\nRe\t\t\tLa<br \/>\nABRASE TODO MI SER,<br \/>\nMi<br \/>\nHAZME DOCIL A TU VOZ,<br \/>\nRe\t\t\tLa7<br \/>\nTRANSFORMA MI VIDA ENTERA.<br \/>\nRe\t\t\tLa<br \/>\nHAZME DOCIL A TU VOZ,<br \/>\nsim\t    Mi\t\tRe   La<br \/>\nTRANSFORMA MI VIDA ENTERA.<\/p>\n<p>* Puesto en tus manos, Se\u00f1or,<br \/>\nsiento que soy pobre y d\u00e9bil,<br \/>\nmas T\u00fa me quieres as\u00ed,<br \/>\nyo te bendigo y te alabo.<br \/>\nPadre, en mi debilidad, Tu me das la fortaleza,<br \/>\namas al hombre sencillo, le das tu paz y perd\u00f3n.<\/p>\n","protected":false},"excerpt":{"rendered":"<p>Oraci\u00f3n del pobre lam Do Sol lam Mi-lam * Vengo ante Ti, mi Se\u00f1or, reconociendo mi culpa, Fa Sol Do [&hellip;]<\/p>\n","protected":false},"author":4,"featured_media":0,"comment_status":"open","ping_status":"open","sticky":false,"template":"","format":"standard","meta":{"_monsterinsights_skip_tracking":false,"_monsterinsights_sitenote_active":false,"_monsterinsights_sitenote_note":"","_monsterinsights_sitenote_category":0,"site-sidebar-layout":"default","site-content-layout":"","ast-site-content-layout":"","site-content-style":"default","site-sidebar-style":"default","ast-global-header-display":"","ast-banner-title-visibility":"","ast-main-header-display":"","ast-hfb-above-header-display":"","ast-hfb-below-header-display":"","ast-hfb-mobile-header-display":"","site-post-title":"","ast-breadcrumbs-content":"","ast-featured-img":"","footer-sml-layout":"","theme-transparent-header-meta":"","adv-header-id-meta":"","stick-header-meta":"","header-above-stick-meta":"","header-main-stick-meta":"","header-below-stick-meta":"","astra-migrate-meta-layouts":"default","ast-page-background-enabled":"default","ast-page-background-meta":{"desktop":{"background-color":"var(--ast-global-color-4)","background-image":"","background-repeat":"repeat","background-position":"center center","background-size":"auto","background-attachment":"scroll","background-type":"","background-media":"","overlay-type":"","overlay-color":"","overlay-gradient":""},"tablet":{"background-color":"","background-image":"","background-repeat":"repeat","background-position":"center center","background-size":"auto","background-attachment":"scroll","background-type":"","background-media":"","overlay-type":"","overlay-color":"","overlay-gradient":""},"mobile":{"background-color":"","background-image":"","background-repeat":"repeat","background-position":"center center","background-size":"auto","background-attachment":"scroll","background-type":"","background-media":"","overlay-type":"","overlay-color":"","overlay-gradient":""}},"ast-content-background-meta":{"desktop":{"background-color":"var(--ast-global-color-5)","background-image":"","background-repeat":"repeat","background-position":"center center","background-size":"auto","background-attachment":"scroll","background-type":"","background-media":"","overlay-type":"","overlay-color":"","overlay-gradient":""},"tablet":{"background-color":"var(--ast-global-color-5)","background-image":"","background-repeat":"repeat","background-position":"center center","background-size":"auto","background-attachment":"scroll","background-type":"","background-media":"","overlay-type":"","overlay-color":"","overlay-gradient":""},"mobile":{"background-color":"var(--ast-global-color-5)","background-image":"","background-repeat":"repeat","background-position":"center center","background-size":"auto","background-attachment":"scroll","background-type":"","background-media":"","overlay-type":"","overlay-color":"","overlay-gradient":""}},"footnotes":"","_links_to":"","_links_to_target":""},"categories":[13,62],"tags":[],"class_list":["post-830","post","type-post","status-publish","format-standard","hentry","category-alabanza","category-o"],"yoast_head":"<!-- This site is optimized with the Yoast SEO plugin v26.9 - https:\/\/yoast.com\/product\/yoast-seo-wordpress\/ -->\n<title>Oraci\u00f3n del pobre - El arpa de No\u00e9<\/title>\n<meta name=\"robots\" content=\"index, follow, max-snippet:-1, max-image-preview:large, max-video-preview:-1\" \/>\n<link rel=\"canonical\" href=\"https:\/\/d2n2.org\/blogs\/Elarpadenoe\/oracion-del-pobre\/\" \/>\n<meta property=\"og:locale\" content=\"es_ES\" \/>\n<meta property=\"og:type\" content=\"article\" \/>\n<meta property=\"og:title\" content=\"Oraci\u00f3n del pobre - El arpa de No\u00e9\" \/>\n<meta property=\"og:description\" content=\"Oraci\u00f3n del pobre lam Do Sol lam Mi-lam * Vengo ante Ti, mi Se\u00f1or, reconociendo mi culpa, Fa Sol Do [&hellip;]\" \/>\n<meta property=\"og:url\" content=\"https:\/\/d2n2.org\/blogs\/Elarpadenoe\/oracion-del-pobre\/\" \/>\n<meta property=\"og:site_name\" content=\"El arpa de No\u00e9\" \/>\n<meta property=\"article:published_time\" content=\"2017-08-20T10:58:12+00:00\" \/>\n<meta name=\"author\" content=\"Arturo de C\u00e1ceres\" \/>\n<meta name=\"twitter:label1\" content=\"Escrito por\" \/>\n\t<meta name=\"twitter:data1\" content=\"Arturo de C\u00e1ceres\" \/>\n\t<meta name=\"twitter:label2\" content=\"Tiempo de lectura\" \/>\n\t<meta name=\"twitter:data2\" content=\"1 minuto\" \/>\n<script type=\"application\/ld+json\" class=\"yoast-schema-graph\">{\"@context\":\"https:\/\/schema.org\",\"@graph\":[{\"@type\":\"Article\",\"@id\":\"https:\/\/d2n2.org\/blogs\/Elarpadenoe\/oracion-del-pobre\/#article\",\"isPartOf\":{\"@id\":\"https:\/\/d2n2.org\/blogs\/Elarpadenoe\/oracion-del-pobre\/\"},\"author\":{\"name\":\"Arturo de C\u00e1ceres\",\"@id\":\"https:\/\/d2n2.org\/blogs\/Elarpadenoe\/#\/schema\/person\/f67608cac647351c030ac446487adef7\"},\"headline\":\"Oraci\u00f3n del pobre\",\"datePublished\":\"2017-08-20T10:58:12+00:00\",\"mainEntityOfPage\":{\"@id\":\"https:\/\/d2n2.org\/blogs\/Elarpadenoe\/oracion-del-pobre\/\"},\"wordCount\":168,\"commentCount\":0,\"articleSection\":[\"Alabanza\",\"O\"],\"inLanguage\":\"es\",\"potentialAction\":[{\"@type\":\"CommentAction\",\"name\":\"Comment\",\"target\":[\"https:\/\/d2n2.org\/blogs\/Elarpadenoe\/oracion-del-pobre\/#respond\"]}]},{\"@type\":\"WebPage\",\"@id\":\"https:\/\/d2n2.org\/blogs\/Elarpadenoe\/oracion-del-pobre\/\",\"url\":\"https:\/\/d2n2.org\/blogs\/Elarpadenoe\/oracion-del-pobre\/\",\"name\":\"Oraci\u00f3n del pobre - El arpa de No\u00e9\",\"isPartOf\":{\"@id\":\"https:\/\/d2n2.org\/blogs\/Elarpadenoe\/#website\"},\"datePublished\":\"2017-08-20T10:58:12+00:00\",\"author\":{\"@id\":\"https:\/\/d2n2.org\/blogs\/Elarpadenoe\/#\/schema\/person\/f67608cac647351c030ac446487adef7\"},\"breadcrumb\":{\"@id\":\"https:\/\/d2n2.org\/blogs\/Elarpadenoe\/oracion-del-pobre\/#breadcrumb\"},\"inLanguage\":\"es\",\"potentialAction\":[{\"@type\":\"ReadAction\",\"target\":[\"https:\/\/d2n2.org\/blogs\/Elarpadenoe\/oracion-del-pobre\/\"]}]},{\"@type\":\"BreadcrumbList\",\"@id\":\"https:\/\/d2n2.org\/blogs\/Elarpadenoe\/oracion-del-pobre\/#breadcrumb\",\"itemListElement\":[{\"@type\":\"ListItem\",\"position\":1,\"name\":\"Home\",\"item\":\"https:\/\/d2n2.org\/blogs\/Elarpadenoe\/\"},{\"@type\":\"ListItem\",\"position\":2,\"name\":\"Oraci\u00f3n del pobre\"}]},{\"@type\":\"WebSite\",\"@id\":\"https:\/\/d2n2.org\/blogs\/Elarpadenoe\/#website\",\"url\":\"https:\/\/d2n2.org\/blogs\/Elarpadenoe\/\",\"name\":\"El arpa de No\u00e9\",\"description\":\"\u00a1Salvemos las canciones!\",\"potentialAction\":[{\"@type\":\"SearchAction\",\"target\":{\"@type\":\"EntryPoint\",\"urlTemplate\":\"https:\/\/d2n2.org\/blogs\/Elarpadenoe\/?s={search_term_string}\"},\"query-input\":{\"@type\":\"PropertyValueSpecification\",\"valueRequired\":true,\"valueName\":\"search_term_string\"}}],\"inLanguage\":\"es\"},{\"@type\":\"Person\",\"@id\":\"https:\/\/d2n2.org\/blogs\/Elarpadenoe\/#\/schema\/person\/f67608cac647351c030ac446487adef7\",\"name\":\"Arturo de C\u00e1ceres\",\"image\":{\"@type\":\"ImageObject\",\"inLanguage\":\"es\",\"@id\":\"https:\/\/d2n2.org\/blogs\/Elarpadenoe\/#\/schema\/person\/image\/\",\"url\":\"https:\/\/secure.gravatar.com\/avatar\/17f7ce5ab6b48234b35e3df3e711035a892ad497dfa5c015e2ed965200f2c5a9?s=96&d=mm&r=g\",\"contentUrl\":\"https:\/\/secure.gravatar.com\/avatar\/17f7ce5ab6b48234b35e3df3e711035a892ad497dfa5c015e2ed965200f2c5a9?s=96&d=mm&r=g\",\"caption\":\"Arturo de C\u00e1ceres\"},\"url\":\"https:\/\/d2n2.org\/blogs\/Elarpadenoe\/author\/garturete\/\"}]}<\/script>\n<!-- \/ Yoast SEO plugin. -->","yoast_head_json":{"title":"Oraci\u00f3n del pobre - El arpa de No\u00e9","robots":{"index":"index","follow":"follow","max-snippet":"max-snippet:-1","max-image-preview":"max-image-preview:large","max-video-preview":"max-video-preview:-1"},"canonical":"https:\/\/d2n2.org\/blogs\/Elarpadenoe\/oracion-del-pobre\/","og_locale":"es_ES","og_type":"article","og_title":"Oraci\u00f3n del pobre - El arpa de No\u00e9","og_description":"Oraci\u00f3n del pobre lam Do Sol lam Mi-lam * Vengo ante Ti, mi Se\u00f1or, reconociendo mi culpa, Fa Sol Do [&hellip;]","og_url":"https:\/\/d2n2.org\/blogs\/Elarpadenoe\/oracion-del-pobre\/","og_site_name":"El arpa de No\u00e9","article_published_time":"2017-08-20T10:58:12+00:00","author":"Arturo de C\u00e1ceres","twitter_misc":{"Escrito por":"Arturo de C\u00e1ceres","Tiempo de lectura":"1 minuto"},"schema":{"@context":"https:\/\/schema.org","@graph":[{"@type":"Article","@id":"https:\/\/d2n2.org\/blogs\/Elarpadenoe\/oracion-del-pobre\/#article","isPartOf":{"@id":"https:\/\/d2n2.org\/blogs\/Elarpadenoe\/oracion-del-pobre\/"},"author":{"name":"Arturo de C\u00e1ceres","@id":"https:\/\/d2n2.org\/blogs\/Elarpadenoe\/#\/schema\/person\/f67608cac647351c030ac446487adef7"},"headline":"Oraci\u00f3n del pobre","datePublished":"2017-08-20T10:58:12+00:00","mainEntityOfPage":{"@id":"https:\/\/d2n2.org\/blogs\/Elarpadenoe\/oracion-del-pobre\/"},"wordCount":168,"commentCount":0,"articleSection":["Alabanza","O"],"inLanguage":"es","potentialAction":[{"@type":"CommentAction","name":"Comment","target":["https:\/\/d2n2.org\/blogs\/Elarpadenoe\/oracion-del-pobre\/#respond"]}]},{"@type":"WebPage","@id":"https:\/\/d2n2.org\/blogs\/Elarpadenoe\/oracion-del-pobre\/","url":"https:\/\/d2n2.org\/blogs\/Elarpadenoe\/oracion-del-pobre\/","name":"Oraci\u00f3n del pobre - El arpa de No\u00e9","isPartOf":{"@id":"https:\/\/d2n2.org\/blogs\/Elarpadenoe\/#website"},"datePublished":"2017-08-20T10:58:12+00:00","author":{"@id":"https:\/\/d2n2.org\/blogs\/Elarpadenoe\/#\/schema\/person\/f67608cac647351c030ac446487adef7"},"breadcrumb":{"@id":"https:\/\/d2n2.org\/blogs\/Elarpadenoe\/oracion-del-pobre\/#breadcrumb"},"inLanguage":"es","potentialAction":[{"@type":"ReadAction","target":["https:\/\/d2n2.org\/blogs\/Elarpadenoe\/oracion-del-pobre\/"]}]},{"@type":"BreadcrumbList","@id":"https:\/\/d2n2.org\/blogs\/Elarpadenoe\/oracion-del-pobre\/#breadcrumb","itemListElement":[{"@type":"ListItem","position":1,"name":"Home","item":"https:\/\/d2n2.org\/blogs\/Elarpadenoe\/"},{"@type":"ListItem","position":2,"name":"Oraci\u00f3n del pobre"}]},{"@type":"WebSite","@id":"https:\/\/d2n2.org\/blogs\/Elarpadenoe\/#website","url":"https:\/\/d2n2.org\/blogs\/Elarpadenoe\/","name":"El arpa de No\u00e9","description":"\u00a1Salvemos las canciones!","potentialAction":[{"@type":"SearchAction","target":{"@type":"EntryPoint","urlTemplate":"https:\/\/d2n2.org\/blogs\/Elarpadenoe\/?s={search_term_string}"},"query-input":{"@type":"PropertyValueSpecification","valueRequired":true,"valueName":"search_term_string"}}],"inLanguage":"es"},{"@type":"Person","@id":"https:\/\/d2n2.org\/blogs\/Elarpadenoe\/#\/schema\/person\/f67608cac647351c030ac446487adef7","name":"Arturo de C\u00e1ceres","image":{"@type":"ImageObject","inLanguage":"es","@id":"https:\/\/d2n2.org\/blogs\/Elarpadenoe\/#\/schema\/person\/image\/","url":"https:\/\/secure.gravatar.com\/avatar\/17f7ce5ab6b48234b35e3df3e711035a892ad497dfa5c015e2ed965200f2c5a9?s=96&d=mm&r=g","contentUrl":"https:\/\/secure.gravatar.com\/avatar\/17f7ce5ab6b48234b35e3df3e711035a892ad497dfa5c015e2ed965200f2c5a9?s=96&d=mm&r=g","caption":"Arturo de C\u00e1ceres"},"url":"https:\/\/d2n2.org\/blogs\/Elarpadenoe\/author\/garturete\/"}]}},"_links":{"self":[{"href":"https:\/\/d2n2.org\/blogs\/Elarpadenoe\/wp-json\/wp\/v2\/posts\/830","targetHints":{"allow":["GET"]}}],"collection":[{"href":"https:\/\/d2n2.org\/blogs\/Elarpadenoe\/wp-json\/wp\/v2\/posts"}],"about":[{"href":"https:\/\/d2n2.org\/blogs\/Elarpadenoe\/wp-json\/wp\/v2\/types\/post"}],"author":[{"embeddable":true,"href":"https:\/\/d2n2.org\/blogs\/Elarpadenoe\/wp-json\/wp\/v2\/users\/4"}],"replies":[{"embeddable":true,"href":"https:\/\/d2n2.org\/blogs\/Elarpadenoe\/wp-json\/wp\/v2\/comments?post=830"}],"version-history":[{"count":2,"href":"https:\/\/d2n2.org\/blogs\/Elarpadenoe\/wp-json\/wp\/v2\/posts\/830\/revisions"}],"predecessor-version":[{"id":866,"href":"https:\/\/d2n2.org\/blogs\/Elarpadenoe\/wp-json\/wp\/v2\/posts\/830\/revisions\/866"}],"wp:attachment":[{"href":"https:\/\/d2n2.org\/blogs\/Elarpadenoe\/wp-json\/wp\/v2\/media?parent=830"}],"wp:term":[{"taxonomy":"category","embeddable":true,"href":"https:\/\/d2n2.org\/blogs\/Elarpadenoe\/wp-json\/wp\/v2\/categories?post=830"},{"taxonomy":"post_tag","embeddable":true,"href":"https:\/\/d2n2.org\/blogs\/Elarpadenoe\/wp-json\/wp\/v2\/tags?post=830"}],"curies":[{"name":"wp","href":"https:\/\/api.w.org\/{rel}","templated":true}]}}