{"id":69,"date":"2013-06-16T20:59:43","date_gmt":"2013-06-16T20:59:43","guid":{"rendered":"http:\/\/d2n2.org\/blogs\/Elarpadenoe\/?p=69"},"modified":"2020-04-13T14:53:53","modified_gmt":"2020-04-13T14:53:53","slug":"a-edificar-la-iglesia","status":"publish","type":"post","link":"https:\/\/d2n2.org\/blogs\/Elarpadenoe\/a-edificar-la-iglesia\/","title":{"rendered":"A edificar la Iglesia"},"content":{"rendered":"<span id=\"post-ratings-69\" class=\"post-ratings\" data-nonce=\"fb3cb36339\"><img decoding=\"async\" id=\"rating_69_1\" src=\"https:\/\/d2n2.org\/blogs\/Elarpadenoe\/wp-content\/plugins\/wp-postratings\/images\/heart\/rating_1_on.gif\" alt=\"Me gusta\" title=\"Me gusta\" onmouseover=\"current_rating(69, 1, 'Me gusta');\" onmouseout=\"ratings_off(1, 0, 0);\" onclick=\"rate_post();\" onkeypress=\"rate_post();\" style=\"cursor: pointer; border: 0px;\" \/> (<strong>1<\/strong> votos, promedio: <strong>1,00<\/strong> de 1)<br \/><span class=\"post-ratings-text\" id=\"ratings_69_text\"><\/span><\/span><span id=\"post-ratings-69-loading\" class=\"post-ratings-loading\"><img decoding=\"async\" src=\"https:\/\/d2n2.org\/blogs\/Elarpadenoe\/wp-content\/plugins\/wp-postratings\/images\/loading.gif\" width=\"16\" height=\"16\" class=\"post-ratings-image\" \/>Cargando...<\/span>\n<audio class=\"wp-audio-shortcode\" id=\"audio-69-1\" preload=\"none\" style=\"width: 100%;\" controls=\"controls\"><source type=\"audio\/mpeg\" src=\"https:\/\/d2n2.org\/blogs\/Elarpadenoe\/wp-content\/uploads\/2013\/06\/A-edificar-la-Iglesia.mp3?_=1\" \/><a href=\"https:\/\/d2n2.org\/blogs\/Elarpadenoe\/wp-content\/uploads\/2013\/06\/A-edificar-la-Iglesia.mp3\">https:\/\/d2n2.org\/blogs\/Elarpadenoe\/wp-content\/uploads\/2013\/06\/A-edificar-la-Iglesia.mp3<\/a><\/audio>\n<p><a href=\"https:\/\/d2n2.org\/blogs\/Elarpadenoe\/wp-content\/uploads\/2013\/06\/A-edificar-la-Iglesia.mp3\">A edificar la Iglesia<\/a><\/p>\n<p>Do<\/p>\n<p>\u00a1A edificar la Iglesia, (2)<\/p>\n<p>Sol<br \/>\na edificar la Iglesia del Se\u00f1or!<\/p>\n<p>&nbsp;<\/p>\n<p>Sol<\/p>\n<p>Hermano, ven, ay\u00fadame;<br \/>\nhermana, ven, ay\u00fadame,<\/p>\n<p>Do<br \/>\na edificar la Iglesia del Se\u00f1or.<\/p>\n<p>&nbsp;<\/p>\n<p>Yo soy la Iglesia, t\u00fa eres la Iglesia,<br \/>\ntodos la Iglesia del Se\u00f1or.<\/p>\n<p>(Los blancos son la Iglesia, los negros&#8230;<br \/>\nLos ricos son la Iglesia, los pobres&#8230;<br \/>\nLos ni\u00f1os son la Iglesia, los viejos&#8230;)<\/p>\n","protected":false},"excerpt":{"rendered":"<p>A edificar la Iglesia Do \u00a1A edificar la Iglesia, (2) Sol a edificar la Iglesia del Se\u00f1or! &nbsp; Sol Hermano, [&hellip;]<\/p>\n","protected":false},"author":2,"featured_media":0,"comment_status":"open","ping_status":"open","sticky":false,"template":"","format":"standard","meta":{"_monsterinsights_skip_tracking":false,"_monsterinsights_sitenote_active":false,"_monsterinsights_sitenote_note":"","_monsterinsights_sitenote_category":0,"site-sidebar-layout":"default","site-content-layout":"","ast-site-content-layout":"","site-content-style":"default","site-sidebar-style":"default","ast-global-header-display":"","ast-banner-title-visibility":"","ast-main-header-display":"","ast-hfb-above-header-display":"","ast-hfb-below-header-display":"","ast-hfb-mobile-header-display":"","site-post-title":"","ast-breadcrumbs-content":"","ast-featured-img":"","footer-sml-layout":"","theme-transparent-header-meta":"","adv-header-id-meta":"","stick-header-meta":"","header-above-stick-meta":"","header-main-stick-meta":"","header-below-stick-meta":"","astra-migrate-meta-layouts":"default","ast-page-background-enabled":"default","ast-page-background-meta":{"desktop":{"background-color":"var(--ast-global-color-4)","background-image":"","background-repeat":"repeat","background-position":"center center","background-size":"auto","background-attachment":"scroll","background-type":"","background-media":"","overlay-type":"","overlay-color":"","overlay-gradient":""},"tablet":{"background-color":"","background-image":"","background-repeat":"repeat","background-position":"center center","background-size":"auto","background-attachment":"scroll","background-type":"","background-media":"","overlay-type":"","overlay-color":"","overlay-gradient":""},"mobile":{"background-color":"","background-image":"","background-repeat":"repeat","background-position":"center center","background-size":"auto","background-attachment":"scroll","background-type":"","background-media":"","overlay-type":"","overlay-color":"","overlay-gradient":""}},"ast-content-background-meta":{"desktop":{"background-color":"var(--ast-global-color-5)","background-image":"","background-repeat":"repeat","background-position":"center center","background-size":"auto","background-attachment":"scroll","background-type":"","background-media":"","overlay-type":"","overlay-color":"","overlay-gradient":""},"tablet":{"background-color":"var(--ast-global-color-5)","background-image":"","background-repeat":"repeat","background-position":"center center","background-size":"auto","background-attachment":"scroll","background-type":"","background-media":"","overlay-type":"","overlay-color":"","overlay-gradient":""},"mobile":{"background-color":"var(--ast-global-color-5)","background-image":"","background-repeat":"repeat","background-position":"center center","background-size":"auto","background-attachment":"scroll","background-type":"","background-media":"","overlay-type":"","overlay-color":"","overlay-gradient":""}},"footnotes":"","_links_to":"","_links_to_target":""},"categories":[10,2],"tags":[24,25],"class_list":["post-69","post","type-post","status-publish","format-standard","hentry","category-iglesia","category-a","tag-edificar","tag-iglesia-2"],"yoast_head":"<!-- This site is optimized with the Yoast SEO plugin v26.9 - https:\/\/yoast.com\/product\/yoast-seo-wordpress\/ -->\n<title>A edificar la Iglesia - El arpa de No\u00e9<\/title>\n<meta name=\"description\" content=\"a edificar la Iglesia del Se\u00f1or! hermano\/a, ven, ay\u00fadame, Yo soy la Iglesia, t\u00fa eres la Iglesia, todos la Iglesia del Se\u00f1or.\" \/>\n<meta name=\"robots\" content=\"index, follow, max-snippet:-1, max-image-preview:large, max-video-preview:-1\" \/>\n<link rel=\"canonical\" href=\"https:\/\/d2n2.org\/blogs\/Elarpadenoe\/a-edificar-la-iglesia\/\" \/>\n<meta property=\"og:locale\" content=\"es_ES\" \/>\n<meta property=\"og:type\" content=\"article\" \/>\n<meta property=\"og:title\" content=\"A edificar la Iglesia - El arpa de No\u00e9\" \/>\n<meta property=\"og:description\" content=\"a edificar la Iglesia del Se\u00f1or! hermano\/a, ven, ay\u00fadame, Yo soy la Iglesia, t\u00fa eres la Iglesia, todos la Iglesia del Se\u00f1or.\" \/>\n<meta property=\"og:url\" content=\"https:\/\/d2n2.org\/blogs\/Elarpadenoe\/a-edificar-la-iglesia\/\" \/>\n<meta property=\"og:site_name\" content=\"El arpa de No\u00e9\" \/>\n<meta property=\"article:published_time\" content=\"2013-06-16T20:59:43+00:00\" \/>\n<meta property=\"article:modified_time\" content=\"2020-04-13T14:53:53+00:00\" \/>\n<meta name=\"author\" content=\"No\u00e9\" \/>\n<meta name=\"twitter:label1\" content=\"Escrito por\" \/>\n\t<meta name=\"twitter:data1\" content=\"No\u00e9\" \/>\n<script type=\"application\/ld+json\" class=\"yoast-schema-graph\">{\"@context\":\"https:\/\/schema.org\",\"@graph\":[{\"@type\":\"Article\",\"@id\":\"https:\/\/d2n2.org\/blogs\/Elarpadenoe\/a-edificar-la-iglesia\/#article\",\"isPartOf\":{\"@id\":\"https:\/\/d2n2.org\/blogs\/Elarpadenoe\/a-edificar-la-iglesia\/\"},\"author\":{\"name\":\"No\u00e9\",\"@id\":\"https:\/\/d2n2.org\/blogs\/Elarpadenoe\/#\/schema\/person\/0ac16312efabe48b6891f50f4d75a881\"},\"headline\":\"A edificar la Iglesia\",\"datePublished\":\"2013-06-16T20:59:43+00:00\",\"dateModified\":\"2020-04-13T14:53:53+00:00\",\"mainEntityOfPage\":{\"@id\":\"https:\/\/d2n2.org\/blogs\/Elarpadenoe\/a-edificar-la-iglesia\/\"},\"wordCount\":90,\"commentCount\":0,\"keywords\":[\"edificar\",\"Iglesia\"],\"articleSection\":[\"Iglesia - Comunidad\",\"A\"],\"inLanguage\":\"es\",\"potentialAction\":[{\"@type\":\"CommentAction\",\"name\":\"Comment\",\"target\":[\"https:\/\/d2n2.org\/blogs\/Elarpadenoe\/a-edificar-la-iglesia\/#respond\"]}]},{\"@type\":\"WebPage\",\"@id\":\"https:\/\/d2n2.org\/blogs\/Elarpadenoe\/a-edificar-la-iglesia\/\",\"url\":\"https:\/\/d2n2.org\/blogs\/Elarpadenoe\/a-edificar-la-iglesia\/\",\"name\":\"A edificar la Iglesia - El arpa de No\u00e9\",\"isPartOf\":{\"@id\":\"https:\/\/d2n2.org\/blogs\/Elarpadenoe\/#website\"},\"datePublished\":\"2013-06-16T20:59:43+00:00\",\"dateModified\":\"2020-04-13T14:53:53+00:00\",\"author\":{\"@id\":\"https:\/\/d2n2.org\/blogs\/Elarpadenoe\/#\/schema\/person\/0ac16312efabe48b6891f50f4d75a881\"},\"description\":\"a edificar la Iglesia del Se\u00f1or! hermano\/a, ven, ay\u00fadame, Yo soy la Iglesia, t\u00fa eres la Iglesia, todos la Iglesia del Se\u00f1or.\",\"breadcrumb\":{\"@id\":\"https:\/\/d2n2.org\/blogs\/Elarpadenoe\/a-edificar-la-iglesia\/#breadcrumb\"},\"inLanguage\":\"es\",\"potentialAction\":[{\"@type\":\"ReadAction\",\"target\":[\"https:\/\/d2n2.org\/blogs\/Elarpadenoe\/a-edificar-la-iglesia\/\"]}]},{\"@type\":\"BreadcrumbList\",\"@id\":\"https:\/\/d2n2.org\/blogs\/Elarpadenoe\/a-edificar-la-iglesia\/#breadcrumb\",\"itemListElement\":[{\"@type\":\"ListItem\",\"position\":1,\"name\":\"Home\",\"item\":\"https:\/\/d2n2.org\/blogs\/Elarpadenoe\/\"},{\"@type\":\"ListItem\",\"position\":2,\"name\":\"A edificar la Iglesia\"}]},{\"@type\":\"WebSite\",\"@id\":\"https:\/\/d2n2.org\/blogs\/Elarpadenoe\/#website\",\"url\":\"https:\/\/d2n2.org\/blogs\/Elarpadenoe\/\",\"name\":\"El arpa de No\u00e9\",\"description\":\"\u00a1Salvemos las canciones!\",\"potentialAction\":[{\"@type\":\"SearchAction\",\"target\":{\"@type\":\"EntryPoint\",\"urlTemplate\":\"https:\/\/d2n2.org\/blogs\/Elarpadenoe\/?s={search_term_string}\"},\"query-input\":{\"@type\":\"PropertyValueSpecification\",\"valueRequired\":true,\"valueName\":\"search_term_string\"}}],\"inLanguage\":\"es\"},{\"@type\":\"Person\",\"@id\":\"https:\/\/d2n2.org\/blogs\/Elarpadenoe\/#\/schema\/person\/0ac16312efabe48b6891f50f4d75a881\",\"name\":\"No\u00e9\",\"image\":{\"@type\":\"ImageObject\",\"inLanguage\":\"es\",\"@id\":\"https:\/\/d2n2.org\/blogs\/Elarpadenoe\/#\/schema\/person\/image\/\",\"url\":\"https:\/\/secure.gravatar.com\/avatar\/24cb84674b3465d1d001c77d7368a3c5acaaf0ab5e895da33b776c927b3c5454?s=96&d=mm&r=g\",\"contentUrl\":\"https:\/\/secure.gravatar.com\/avatar\/24cb84674b3465d1d001c77d7368a3c5acaaf0ab5e895da33b776c927b3c5454?s=96&d=mm&r=g\",\"caption\":\"No\u00e9\"},\"url\":\"https:\/\/d2n2.org\/blogs\/Elarpadenoe\/author\/noe\/\"}]}<\/script>\n<!-- \/ Yoast SEO plugin. -->","yoast_head_json":{"title":"A edificar la Iglesia - El arpa de No\u00e9","description":"a edificar la Iglesia del Se\u00f1or! hermano\/a, ven, ay\u00fadame, Yo soy la Iglesia, t\u00fa eres la Iglesia, todos la Iglesia del Se\u00f1or.","robots":{"index":"index","follow":"follow","max-snippet":"max-snippet:-1","max-image-preview":"max-image-preview:large","max-video-preview":"max-video-preview:-1"},"canonical":"https:\/\/d2n2.org\/blogs\/Elarpadenoe\/a-edificar-la-iglesia\/","og_locale":"es_ES","og_type":"article","og_title":"A edificar la Iglesia - El arpa de No\u00e9","og_description":"a edificar la Iglesia del Se\u00f1or! hermano\/a, ven, ay\u00fadame, Yo soy la Iglesia, t\u00fa eres la Iglesia, todos la Iglesia del Se\u00f1or.","og_url":"https:\/\/d2n2.org\/blogs\/Elarpadenoe\/a-edificar-la-iglesia\/","og_site_name":"El arpa de No\u00e9","article_published_time":"2013-06-16T20:59:43+00:00","article_modified_time":"2020-04-13T14:53:53+00:00","author":"No\u00e9","twitter_misc":{"Escrito por":"No\u00e9"},"schema":{"@context":"https:\/\/schema.org","@graph":[{"@type":"Article","@id":"https:\/\/d2n2.org\/blogs\/Elarpadenoe\/a-edificar-la-iglesia\/#article","isPartOf":{"@id":"https:\/\/d2n2.org\/blogs\/Elarpadenoe\/a-edificar-la-iglesia\/"},"author":{"name":"No\u00e9","@id":"https:\/\/d2n2.org\/blogs\/Elarpadenoe\/#\/schema\/person\/0ac16312efabe48b6891f50f4d75a881"},"headline":"A edificar la Iglesia","datePublished":"2013-06-16T20:59:43+00:00","dateModified":"2020-04-13T14:53:53+00:00","mainEntityOfPage":{"@id":"https:\/\/d2n2.org\/blogs\/Elarpadenoe\/a-edificar-la-iglesia\/"},"wordCount":90,"commentCount":0,"keywords":["edificar","Iglesia"],"articleSection":["Iglesia - Comunidad","A"],"inLanguage":"es","potentialAction":[{"@type":"CommentAction","name":"Comment","target":["https:\/\/d2n2.org\/blogs\/Elarpadenoe\/a-edificar-la-iglesia\/#respond"]}]},{"@type":"WebPage","@id":"https:\/\/d2n2.org\/blogs\/Elarpadenoe\/a-edificar-la-iglesia\/","url":"https:\/\/d2n2.org\/blogs\/Elarpadenoe\/a-edificar-la-iglesia\/","name":"A edificar la Iglesia - El arpa de No\u00e9","isPartOf":{"@id":"https:\/\/d2n2.org\/blogs\/Elarpadenoe\/#website"},"datePublished":"2013-06-16T20:59:43+00:00","dateModified":"2020-04-13T14:53:53+00:00","author":{"@id":"https:\/\/d2n2.org\/blogs\/Elarpadenoe\/#\/schema\/person\/0ac16312efabe48b6891f50f4d75a881"},"description":"a edificar la Iglesia del Se\u00f1or! hermano\/a, ven, ay\u00fadame, Yo soy la Iglesia, t\u00fa eres la Iglesia, todos la Iglesia del Se\u00f1or.","breadcrumb":{"@id":"https:\/\/d2n2.org\/blogs\/Elarpadenoe\/a-edificar-la-iglesia\/#breadcrumb"},"inLanguage":"es","potentialAction":[{"@type":"ReadAction","target":["https:\/\/d2n2.org\/blogs\/Elarpadenoe\/a-edificar-la-iglesia\/"]}]},{"@type":"BreadcrumbList","@id":"https:\/\/d2n2.org\/blogs\/Elarpadenoe\/a-edificar-la-iglesia\/#breadcrumb","itemListElement":[{"@type":"ListItem","position":1,"name":"Home","item":"https:\/\/d2n2.org\/blogs\/Elarpadenoe\/"},{"@type":"ListItem","position":2,"name":"A edificar la Iglesia"}]},{"@type":"WebSite","@id":"https:\/\/d2n2.org\/blogs\/Elarpadenoe\/#website","url":"https:\/\/d2n2.org\/blogs\/Elarpadenoe\/","name":"El arpa de No\u00e9","description":"\u00a1Salvemos las canciones!","potentialAction":[{"@type":"SearchAction","target":{"@type":"EntryPoint","urlTemplate":"https:\/\/d2n2.org\/blogs\/Elarpadenoe\/?s={search_term_string}"},"query-input":{"@type":"PropertyValueSpecification","valueRequired":true,"valueName":"search_term_string"}}],"inLanguage":"es"},{"@type":"Person","@id":"https:\/\/d2n2.org\/blogs\/Elarpadenoe\/#\/schema\/person\/0ac16312efabe48b6891f50f4d75a881","name":"No\u00e9","image":{"@type":"ImageObject","inLanguage":"es","@id":"https:\/\/d2n2.org\/blogs\/Elarpadenoe\/#\/schema\/person\/image\/","url":"https:\/\/secure.gravatar.com\/avatar\/24cb84674b3465d1d001c77d7368a3c5acaaf0ab5e895da33b776c927b3c5454?s=96&d=mm&r=g","contentUrl":"https:\/\/secure.gravatar.com\/avatar\/24cb84674b3465d1d001c77d7368a3c5acaaf0ab5e895da33b776c927b3c5454?s=96&d=mm&r=g","caption":"No\u00e9"},"url":"https:\/\/d2n2.org\/blogs\/Elarpadenoe\/author\/noe\/"}]}},"_links":{"self":[{"href":"https:\/\/d2n2.org\/blogs\/Elarpadenoe\/wp-json\/wp\/v2\/posts\/69","targetHints":{"allow":["GET"]}}],"collection":[{"href":"https:\/\/d2n2.org\/blogs\/Elarpadenoe\/wp-json\/wp\/v2\/posts"}],"about":[{"href":"https:\/\/d2n2.org\/blogs\/Elarpadenoe\/wp-json\/wp\/v2\/types\/post"}],"author":[{"embeddable":true,"href":"https:\/\/d2n2.org\/blogs\/Elarpadenoe\/wp-json\/wp\/v2\/users\/2"}],"replies":[{"embeddable":true,"href":"https:\/\/d2n2.org\/blogs\/Elarpadenoe\/wp-json\/wp\/v2\/comments?post=69"}],"version-history":[{"count":9,"href":"https:\/\/d2n2.org\/blogs\/Elarpadenoe\/wp-json\/wp\/v2\/posts\/69\/revisions"}],"predecessor-version":[{"id":1870,"href":"https:\/\/d2n2.org\/blogs\/Elarpadenoe\/wp-json\/wp\/v2\/posts\/69\/revisions\/1870"}],"wp:attachment":[{"href":"https:\/\/d2n2.org\/blogs\/Elarpadenoe\/wp-json\/wp\/v2\/media?parent=69"}],"wp:term":[{"taxonomy":"category","embeddable":true,"href":"https:\/\/d2n2.org\/blogs\/Elarpadenoe\/wp-json\/wp\/v2\/categories?post=69"},{"taxonomy":"post_tag","embeddable":true,"href":"https:\/\/d2n2.org\/blogs\/Elarpadenoe\/wp-json\/wp\/v2\/tags?post=69"}],"curies":[{"name":"wp","href":"https:\/\/api.w.org\/{rel}","templated":true}]}}