{"id":412,"date":"2017-04-19T14:45:22","date_gmt":"2017-04-19T14:45:22","guid":{"rendered":"http:\/\/d2n2.org\/blogs\/Elarpadenoe\/?p=412"},"modified":"2017-05-22T08:58:07","modified_gmt":"2017-05-22T08:58:07","slug":"pregon-pascual","status":"publish","type":"post","link":"https:\/\/d2n2.org\/blogs\/Elarpadenoe\/pregon-pascual\/","title":{"rendered":"Preg\u00f3n Pascual"},"content":{"rendered":"<span id=\"post-ratings-412\" class=\"post-ratings\" data-nonce=\"9c75aeb513\"><img decoding=\"async\" id=\"rating_412_1\" src=\"https:\/\/d2n2.org\/blogs\/Elarpadenoe\/wp-content\/plugins\/wp-postratings\/images\/heart\/rating_1_on.gif\" alt=\"Me gusta\" title=\"Me gusta\" onmouseover=\"current_rating(412, 1, 'Me gusta');\" onmouseout=\"ratings_off(1, 0, 0);\" onclick=\"rate_post();\" onkeypress=\"rate_post();\" style=\"cursor: pointer; border: 0px;\" \/> (<strong>13<\/strong> votos, promedio: <strong>1,00<\/strong> de 1)<br \/><span class=\"post-ratings-text\" id=\"ratings_412_text\"><\/span><\/span><span id=\"post-ratings-412-loading\" class=\"post-ratings-loading\"><img decoding=\"async\" src=\"https:\/\/d2n2.org\/blogs\/Elarpadenoe\/wp-content\/plugins\/wp-postratings\/images\/loading.gif\" width=\"16\" height=\"16\" class=\"post-ratings-image\" \/>Cargando...<\/span>\n<audio class=\"wp-audio-shortcode\" id=\"audio-412-1\" preload=\"none\" style=\"width: 100%;\" controls=\"controls\"><source type=\"audio\/mpeg\" src=\"http:\/\/d2n2.org\/blogs\/Elarpadenoe\/wp-content\/uploads\/2017\/04\/Pregon-Pascual.mp3?_=1\" \/><a href=\"http:\/\/d2n2.org\/blogs\/Elarpadenoe\/wp-content\/uploads\/2017\/04\/Pregon-Pascual.mp3\">http:\/\/d2n2.org\/blogs\/Elarpadenoe\/wp-content\/uploads\/2017\/04\/Pregon-Pascual.mp3<\/a><\/audio>\n<p><a href=\"http:\/\/d2n2.org\/blogs\/Elarpadenoe\/wp-content\/uploads\/2017\/04\/Pregon-Pascual.mp3\">Pregon Pascual<\/a><\/p>\n<p>Sol\tDo\tSol\tDo<br \/>\n*Exulten los coros de los \u00e1ngeles,<br \/>\nSol\t\tDo Re Sol<br \/>\nexulten los ministros de Dios<br \/>\nmim\t\tsim<br \/>\ny que suenen las trompetas de victoria por<br \/>\nDo\tRe\t\tSol-Re<br \/>\npor el triunfo de Jes\u00fas nuestro Se\u00f1or.<\/p>\n<p>RECITADO 1:<br \/>\n En verdad es justo y necesario aclamar con nuestras voces<br \/>\nY con todo el afecto del coraz\u00f3n a Dios invisible, el Padre Todopoderoso,<br \/>\nY a su \u00fanico hijo, nuestro Se\u00f1or Jesucristo.<br \/>\nPorque \u00c9l ha pagado por nosotros al eterno Padre la deuda de Ad\u00e1n.<br \/>\nY, derramando su sangre, cancel\u00f3 el recibo del antiguo pecado.<\/p>\n<p>*Que se alegre y se goce en esta fiesta,<br \/>\ninunda\u00adda de tanta claridad,<br \/>\nque se sienta libre de la oscuridad,<br \/>\nporque las tinieblas El venci\u00f3.<\/p>\n<p>RECITADO 2:<br \/>\nPorque estas son las fiestas de la Pascua,<br \/>\nEn las que se inmola el verdadero cordero,<br \/>\nCuya sangre consagra las puertas de los fieles.<br \/>\n\u00c9sta es la noche en que sacaste de Egipto a los israelitas,<br \/>\nNuestros padres, y los hiciste pasar a pie el mar rojo.<br \/>\n\u00c9sta es la noche en que la columna de fuego<br \/>\nesclareci\u00f3 las tinieblas del pecado.<\/p>\n<p>*La Iglesia tambi\u00e9n se alegrar\u00e1<br \/>\nrevestida de tan brillante luz.<br \/>\nQue resuene este templo, al aclamar<br \/>\nnuestras voces cantando su bondad.<\/p>\n<p>RECITADO 3:<br \/>\n\u00c9sta es la noche en que, por toda la tierra,<br \/>\nlos que confiesan su fe en Cristo son arrancados de los vicios del mundo<br \/>\ny de la oscuridad del pecado,<br \/>\nson restituidos a la gracia y son agregados a los santos.<br \/>\n\u00c9sta es la noche en que, rotas las cadenas de la muerte,<br \/>\nCristo asciende victorioso del abismo.<br \/>\n\u00a1Qu\u00e9 asombroso beneficio de tu amor por nosotros!<br \/>\n\u00a1Qu\u00e9 incomparable ternura y caridad!<br \/>\n\u00a1Para rescatar al esclavo, entregaste al Hijo!<\/p>\n<p>*Esta es la fiesta de la Pascua.<br \/>\nEsta es la noche en que lleg\u00f3<br \/>\nla libertad a su pueblo Israel,<br \/>\nal sacarlo de su esclavitud.<\/p>\n<p>RECITADO 4:<br \/>\nNecesario fue el pecado de Ad\u00e1n,<br \/>\nque ha sido borrado por la muerte de Cristo.<br \/>\n\u00a1 Feliz la culpa que mereci\u00f3 tal redentor!<br \/>\nY, as\u00ed, esta noche santa ahuyenta los pecados,<br \/>\nlava las culpas, devuelve la inocencia a los ca\u00eddos,<br \/>\nla alegr\u00eda a los tristes.<br \/>\n\u00a1 Qu\u00e9 noche tan dichosa en que se une el cielo con la tierra, lo humano y lo divino!<\/p>\n<p>*Esta es la noche en que se rompen<br \/>\nlas cade\u00adnas del pecado por Jes\u00fas.<br \/>\nEsta es la noche en que Cristo,<br \/>\na la muerte con su muerte derro\u00adt\u00f3.<\/p>\n","protected":false},"excerpt":{"rendered":"<p>Pregon Pascual Sol Do Sol Do *Exulten los coros de los \u00e1ngeles, Sol Do Re Sol exulten los ministros de [&hellip;]<\/p>\n","protected":false},"author":4,"featured_media":0,"comment_status":"open","ping_status":"open","sticky":false,"template":"","format":"standard","meta":{"_monsterinsights_skip_tracking":false,"_monsterinsights_sitenote_active":false,"_monsterinsights_sitenote_note":"","_monsterinsights_sitenote_category":0,"site-sidebar-layout":"default","site-content-layout":"","ast-site-content-layout":"","site-content-style":"default","site-sidebar-style":"default","ast-global-header-display":"","ast-banner-title-visibility":"","ast-main-header-display":"","ast-hfb-above-header-display":"","ast-hfb-below-header-display":"","ast-hfb-mobile-header-display":"","site-post-title":"","ast-breadcrumbs-content":"","ast-featured-img":"","footer-sml-layout":"","theme-transparent-header-meta":"","adv-header-id-meta":"","stick-header-meta":"","header-above-stick-meta":"","header-main-stick-meta":"","header-below-stick-meta":"","astra-migrate-meta-layouts":"default","ast-page-background-enabled":"default","ast-page-background-meta":{"desktop":{"background-color":"var(--ast-global-color-4)","background-image":"","background-repeat":"repeat","background-position":"center center","background-size":"auto","background-attachment":"scroll","background-type":"","background-media":"","overlay-type":"","overlay-color":"","overlay-gradient":""},"tablet":{"background-color":"","background-image":"","background-repeat":"repeat","background-position":"center center","background-size":"auto","background-attachment":"scroll","background-type":"","background-media":"","overlay-type":"","overlay-color":"","overlay-gradient":""},"mobile":{"background-color":"","background-image":"","background-repeat":"repeat","background-position":"center center","background-size":"auto","background-attachment":"scroll","background-type":"","background-media":"","overlay-type":"","overlay-color":"","overlay-gradient":""}},"ast-content-background-meta":{"desktop":{"background-color":"var(--ast-global-color-5)","background-image":"","background-repeat":"repeat","background-position":"center center","background-size":"auto","background-attachment":"scroll","background-type":"","background-media":"","overlay-type":"","overlay-color":"","overlay-gradient":""},"tablet":{"background-color":"var(--ast-global-color-5)","background-image":"","background-repeat":"repeat","background-position":"center center","background-size":"auto","background-attachment":"scroll","background-type":"","background-media":"","overlay-type":"","overlay-color":"","overlay-gradient":""},"mobile":{"background-color":"var(--ast-global-color-5)","background-image":"","background-repeat":"repeat","background-position":"center center","background-size":"auto","background-attachment":"scroll","background-type":"","background-media":"","overlay-type":"","overlay-color":"","overlay-gradient":""}},"footnotes":"","_links_to":"","_links_to_target":""},"categories":[12,64,59],"tags":[],"class_list":["post-412","post","type-post","status-publish","format-standard","hentry","category-resurreccion","category-semana-santa","category-p"],"yoast_head":"<!-- This site is optimized with the Yoast SEO plugin v26.9 - https:\/\/yoast.com\/product\/yoast-seo-wordpress\/ -->\n<title>Preg\u00f3n Pascual - El arpa de No\u00e9<\/title>\n<meta name=\"robots\" content=\"index, follow, max-snippet:-1, max-image-preview:large, max-video-preview:-1\" \/>\n<link rel=\"canonical\" href=\"https:\/\/d2n2.org\/blogs\/Elarpadenoe\/pregon-pascual\/\" \/>\n<meta property=\"og:locale\" content=\"es_ES\" \/>\n<meta property=\"og:type\" content=\"article\" \/>\n<meta property=\"og:title\" content=\"Preg\u00f3n Pascual - El arpa de No\u00e9\" \/>\n<meta property=\"og:description\" content=\"Pregon Pascual Sol Do Sol Do *Exulten los coros de los \u00e1ngeles, Sol Do Re Sol exulten los ministros de [&hellip;]\" \/>\n<meta property=\"og:url\" content=\"https:\/\/d2n2.org\/blogs\/Elarpadenoe\/pregon-pascual\/\" \/>\n<meta property=\"og:site_name\" content=\"El arpa de No\u00e9\" \/>\n<meta property=\"article:published_time\" content=\"2017-04-19T14:45:22+00:00\" \/>\n<meta property=\"article:modified_time\" content=\"2017-05-22T08:58:07+00:00\" \/>\n<meta name=\"author\" content=\"Arturo de C\u00e1ceres\" \/>\n<meta name=\"twitter:label1\" content=\"Escrito por\" \/>\n\t<meta name=\"twitter:data1\" content=\"Arturo de C\u00e1ceres\" \/>\n\t<meta name=\"twitter:label2\" content=\"Tiempo de lectura\" \/>\n\t<meta name=\"twitter:data2\" content=\"2 minutos\" \/>\n<script type=\"application\/ld+json\" class=\"yoast-schema-graph\">{\"@context\":\"https:\/\/schema.org\",\"@graph\":[{\"@type\":\"Article\",\"@id\":\"https:\/\/d2n2.org\/blogs\/Elarpadenoe\/pregon-pascual\/#article\",\"isPartOf\":{\"@id\":\"https:\/\/d2n2.org\/blogs\/Elarpadenoe\/pregon-pascual\/\"},\"author\":{\"name\":\"Arturo de C\u00e1ceres\",\"@id\":\"https:\/\/d2n2.org\/blogs\/Elarpadenoe\/#\/schema\/person\/f67608cac647351c030ac446487adef7\"},\"headline\":\"Preg\u00f3n Pascual\",\"datePublished\":\"2017-04-19T14:45:22+00:00\",\"dateModified\":\"2017-05-22T08:58:07+00:00\",\"mainEntityOfPage\":{\"@id\":\"https:\/\/d2n2.org\/blogs\/Elarpadenoe\/pregon-pascual\/\"},\"wordCount\":430,\"commentCount\":0,\"articleSection\":[\"Resurrecci\u00f3n\",\"Semana Santa\",\"P\"],\"inLanguage\":\"es\",\"potentialAction\":[{\"@type\":\"CommentAction\",\"name\":\"Comment\",\"target\":[\"https:\/\/d2n2.org\/blogs\/Elarpadenoe\/pregon-pascual\/#respond\"]}]},{\"@type\":\"WebPage\",\"@id\":\"https:\/\/d2n2.org\/blogs\/Elarpadenoe\/pregon-pascual\/\",\"url\":\"https:\/\/d2n2.org\/blogs\/Elarpadenoe\/pregon-pascual\/\",\"name\":\"Preg\u00f3n Pascual - El arpa de No\u00e9\",\"isPartOf\":{\"@id\":\"https:\/\/d2n2.org\/blogs\/Elarpadenoe\/#website\"},\"datePublished\":\"2017-04-19T14:45:22+00:00\",\"dateModified\":\"2017-05-22T08:58:07+00:00\",\"author\":{\"@id\":\"https:\/\/d2n2.org\/blogs\/Elarpadenoe\/#\/schema\/person\/f67608cac647351c030ac446487adef7\"},\"breadcrumb\":{\"@id\":\"https:\/\/d2n2.org\/blogs\/Elarpadenoe\/pregon-pascual\/#breadcrumb\"},\"inLanguage\":\"es\",\"potentialAction\":[{\"@type\":\"ReadAction\",\"target\":[\"https:\/\/d2n2.org\/blogs\/Elarpadenoe\/pregon-pascual\/\"]}]},{\"@type\":\"BreadcrumbList\",\"@id\":\"https:\/\/d2n2.org\/blogs\/Elarpadenoe\/pregon-pascual\/#breadcrumb\",\"itemListElement\":[{\"@type\":\"ListItem\",\"position\":1,\"name\":\"Home\",\"item\":\"https:\/\/d2n2.org\/blogs\/Elarpadenoe\/\"},{\"@type\":\"ListItem\",\"position\":2,\"name\":\"Preg\u00f3n Pascual\"}]},{\"@type\":\"WebSite\",\"@id\":\"https:\/\/d2n2.org\/blogs\/Elarpadenoe\/#website\",\"url\":\"https:\/\/d2n2.org\/blogs\/Elarpadenoe\/\",\"name\":\"El arpa de No\u00e9\",\"description\":\"\u00a1Salvemos las canciones!\",\"potentialAction\":[{\"@type\":\"SearchAction\",\"target\":{\"@type\":\"EntryPoint\",\"urlTemplate\":\"https:\/\/d2n2.org\/blogs\/Elarpadenoe\/?s={search_term_string}\"},\"query-input\":{\"@type\":\"PropertyValueSpecification\",\"valueRequired\":true,\"valueName\":\"search_term_string\"}}],\"inLanguage\":\"es\"},{\"@type\":\"Person\",\"@id\":\"https:\/\/d2n2.org\/blogs\/Elarpadenoe\/#\/schema\/person\/f67608cac647351c030ac446487adef7\",\"name\":\"Arturo de C\u00e1ceres\",\"image\":{\"@type\":\"ImageObject\",\"inLanguage\":\"es\",\"@id\":\"https:\/\/d2n2.org\/blogs\/Elarpadenoe\/#\/schema\/person\/image\/\",\"url\":\"https:\/\/secure.gravatar.com\/avatar\/17f7ce5ab6b48234b35e3df3e711035a892ad497dfa5c015e2ed965200f2c5a9?s=96&d=mm&r=g\",\"contentUrl\":\"https:\/\/secure.gravatar.com\/avatar\/17f7ce5ab6b48234b35e3df3e711035a892ad497dfa5c015e2ed965200f2c5a9?s=96&d=mm&r=g\",\"caption\":\"Arturo de C\u00e1ceres\"},\"url\":\"https:\/\/d2n2.org\/blogs\/Elarpadenoe\/author\/garturete\/\"}]}<\/script>\n<!-- \/ Yoast SEO plugin. -->","yoast_head_json":{"title":"Preg\u00f3n Pascual - El arpa de No\u00e9","robots":{"index":"index","follow":"follow","max-snippet":"max-snippet:-1","max-image-preview":"max-image-preview:large","max-video-preview":"max-video-preview:-1"},"canonical":"https:\/\/d2n2.org\/blogs\/Elarpadenoe\/pregon-pascual\/","og_locale":"es_ES","og_type":"article","og_title":"Preg\u00f3n Pascual - El arpa de No\u00e9","og_description":"Pregon Pascual Sol Do Sol Do *Exulten los coros de los \u00e1ngeles, Sol Do Re Sol exulten los ministros de [&hellip;]","og_url":"https:\/\/d2n2.org\/blogs\/Elarpadenoe\/pregon-pascual\/","og_site_name":"El arpa de No\u00e9","article_published_time":"2017-04-19T14:45:22+00:00","article_modified_time":"2017-05-22T08:58:07+00:00","author":"Arturo de C\u00e1ceres","twitter_misc":{"Escrito por":"Arturo de C\u00e1ceres","Tiempo de lectura":"2 minutos"},"schema":{"@context":"https:\/\/schema.org","@graph":[{"@type":"Article","@id":"https:\/\/d2n2.org\/blogs\/Elarpadenoe\/pregon-pascual\/#article","isPartOf":{"@id":"https:\/\/d2n2.org\/blogs\/Elarpadenoe\/pregon-pascual\/"},"author":{"name":"Arturo de C\u00e1ceres","@id":"https:\/\/d2n2.org\/blogs\/Elarpadenoe\/#\/schema\/person\/f67608cac647351c030ac446487adef7"},"headline":"Preg\u00f3n Pascual","datePublished":"2017-04-19T14:45:22+00:00","dateModified":"2017-05-22T08:58:07+00:00","mainEntityOfPage":{"@id":"https:\/\/d2n2.org\/blogs\/Elarpadenoe\/pregon-pascual\/"},"wordCount":430,"commentCount":0,"articleSection":["Resurrecci\u00f3n","Semana Santa","P"],"inLanguage":"es","potentialAction":[{"@type":"CommentAction","name":"Comment","target":["https:\/\/d2n2.org\/blogs\/Elarpadenoe\/pregon-pascual\/#respond"]}]},{"@type":"WebPage","@id":"https:\/\/d2n2.org\/blogs\/Elarpadenoe\/pregon-pascual\/","url":"https:\/\/d2n2.org\/blogs\/Elarpadenoe\/pregon-pascual\/","name":"Preg\u00f3n Pascual - El arpa de No\u00e9","isPartOf":{"@id":"https:\/\/d2n2.org\/blogs\/Elarpadenoe\/#website"},"datePublished":"2017-04-19T14:45:22+00:00","dateModified":"2017-05-22T08:58:07+00:00","author":{"@id":"https:\/\/d2n2.org\/blogs\/Elarpadenoe\/#\/schema\/person\/f67608cac647351c030ac446487adef7"},"breadcrumb":{"@id":"https:\/\/d2n2.org\/blogs\/Elarpadenoe\/pregon-pascual\/#breadcrumb"},"inLanguage":"es","potentialAction":[{"@type":"ReadAction","target":["https:\/\/d2n2.org\/blogs\/Elarpadenoe\/pregon-pascual\/"]}]},{"@type":"BreadcrumbList","@id":"https:\/\/d2n2.org\/blogs\/Elarpadenoe\/pregon-pascual\/#breadcrumb","itemListElement":[{"@type":"ListItem","position":1,"name":"Home","item":"https:\/\/d2n2.org\/blogs\/Elarpadenoe\/"},{"@type":"ListItem","position":2,"name":"Preg\u00f3n Pascual"}]},{"@type":"WebSite","@id":"https:\/\/d2n2.org\/blogs\/Elarpadenoe\/#website","url":"https:\/\/d2n2.org\/blogs\/Elarpadenoe\/","name":"El arpa de No\u00e9","description":"\u00a1Salvemos las canciones!","potentialAction":[{"@type":"SearchAction","target":{"@type":"EntryPoint","urlTemplate":"https:\/\/d2n2.org\/blogs\/Elarpadenoe\/?s={search_term_string}"},"query-input":{"@type":"PropertyValueSpecification","valueRequired":true,"valueName":"search_term_string"}}],"inLanguage":"es"},{"@type":"Person","@id":"https:\/\/d2n2.org\/blogs\/Elarpadenoe\/#\/schema\/person\/f67608cac647351c030ac446487adef7","name":"Arturo de C\u00e1ceres","image":{"@type":"ImageObject","inLanguage":"es","@id":"https:\/\/d2n2.org\/blogs\/Elarpadenoe\/#\/schema\/person\/image\/","url":"https:\/\/secure.gravatar.com\/avatar\/17f7ce5ab6b48234b35e3df3e711035a892ad497dfa5c015e2ed965200f2c5a9?s=96&d=mm&r=g","contentUrl":"https:\/\/secure.gravatar.com\/avatar\/17f7ce5ab6b48234b35e3df3e711035a892ad497dfa5c015e2ed965200f2c5a9?s=96&d=mm&r=g","caption":"Arturo de C\u00e1ceres"},"url":"https:\/\/d2n2.org\/blogs\/Elarpadenoe\/author\/garturete\/"}]}},"_links":{"self":[{"href":"https:\/\/d2n2.org\/blogs\/Elarpadenoe\/wp-json\/wp\/v2\/posts\/412","targetHints":{"allow":["GET"]}}],"collection":[{"href":"https:\/\/d2n2.org\/blogs\/Elarpadenoe\/wp-json\/wp\/v2\/posts"}],"about":[{"href":"https:\/\/d2n2.org\/blogs\/Elarpadenoe\/wp-json\/wp\/v2\/types\/post"}],"author":[{"embeddable":true,"href":"https:\/\/d2n2.org\/blogs\/Elarpadenoe\/wp-json\/wp\/v2\/users\/4"}],"replies":[{"embeddable":true,"href":"https:\/\/d2n2.org\/blogs\/Elarpadenoe\/wp-json\/wp\/v2\/comments?post=412"}],"version-history":[{"count":2,"href":"https:\/\/d2n2.org\/blogs\/Elarpadenoe\/wp-json\/wp\/v2\/posts\/412\/revisions"}],"predecessor-version":[{"id":632,"href":"https:\/\/d2n2.org\/blogs\/Elarpadenoe\/wp-json\/wp\/v2\/posts\/412\/revisions\/632"}],"wp:attachment":[{"href":"https:\/\/d2n2.org\/blogs\/Elarpadenoe\/wp-json\/wp\/v2\/media?parent=412"}],"wp:term":[{"taxonomy":"category","embeddable":true,"href":"https:\/\/d2n2.org\/blogs\/Elarpadenoe\/wp-json\/wp\/v2\/categories?post=412"},{"taxonomy":"post_tag","embeddable":true,"href":"https:\/\/d2n2.org\/blogs\/Elarpadenoe\/wp-json\/wp\/v2\/tags?post=412"}],"curies":[{"name":"wp","href":"https:\/\/api.w.org\/{rel}","templated":true}]}}