{"id":2621,"date":"2025-02-23T18:05:58","date_gmt":"2025-02-23T18:05:58","guid":{"rendered":"https:\/\/d2n2.org\/blogs\/Elarpadenoe\/?p=2621"},"modified":"2025-02-22T18:11:48","modified_gmt":"2025-02-22T18:11:48","slug":"paz-en-la-tierra","status":"publish","type":"post","link":"https:\/\/d2n2.org\/blogs\/Elarpadenoe\/paz-en-la-tierra\/","title":{"rendered":"Paz en la Tierra"},"content":{"rendered":"\n<span id=\"post-ratings-2621\" class=\"post-ratings\" data-nonce=\"93c306ec9e\"><img decoding=\"async\" id=\"rating_2621_1\" src=\"https:\/\/d2n2.org\/blogs\/Elarpadenoe\/wp-content\/plugins\/wp-postratings\/images\/heart\/rating_1_on.gif\" alt=\"Me gusta\" title=\"Me gusta\" onmouseover=\"current_rating(2621, 1, 'Me gusta');\" onmouseout=\"ratings_off(1, 0, 0);\" onclick=\"rate_post();\" onkeypress=\"rate_post();\" style=\"cursor: pointer; border: 0px;\" \/> (<strong>1<\/strong> votos, promedio: <strong>1,00<\/strong> de 1)<br \/><span class=\"post-ratings-text\" id=\"ratings_2621_text\"><\/span><\/span><span id=\"post-ratings-2621-loading\" class=\"post-ratings-loading\"><img decoding=\"async\" src=\"https:\/\/d2n2.org\/blogs\/Elarpadenoe\/wp-content\/plugins\/wp-postratings\/images\/loading.gif\" width=\"16\" height=\"16\" class=\"post-ratings-image\" \/>Cargando...<\/span>\n\n\n\n<figure class=\"wp-block-audio\"><audio controls src=\"https:\/\/d2n2.org\/blogs\/Elarpadenoe\/wp-content\/uploads\/2025\/02\/Paz-en-la-tierra.mp3\"><\/audio><\/figure>\n\n\n\n<div class=\"wp-block-file\"><a id=\"wp-block-file--media-24bc0c13-7940-482b-b83b-03e92b5f3823\" href=\"https:\/\/d2n2.org\/blogs\/Elarpadenoe\/wp-content\/uploads\/2025\/02\/Paz-en-la-tierra.mp3\">Paz en la tierra<\/a><a href=\"https:\/\/d2n2.org\/blogs\/Elarpadenoe\/wp-content\/uploads\/2025\/02\/Paz-en-la-tierra.mp3\" class=\"wp-block-file__button wp-element-button\" download aria-describedby=\"wp-block-file--media-24bc0c13-7940-482b-b83b-03e92b5f3823\">Descarga<\/a><\/div>\n\n\n\n<p>Do Sol lam Dol Sol lam<br>PAZ EN LA TIERRA, PAZ EN LAS ALTURAS,<br>Fa Sol Do<br>QUE EL GOZO ETERNO REINE<br>Fa rem Sol<br>EN NUESTRO CORAZ\u00d3N. (bis)<\/p>\n\n\n\n<p>Do Fa Do<br>Da la paz hermano, da la paz;<br>Fa Sol Do<br>constr\u00fayela en tu coraz\u00f3n<br>mim lam<br>y con tu gesto afirmar\u00e1s<br>Fa Sol<br>que quieres la paz.<\/p>\n\n\n\n<p>Que tu paz hermano, sea don,<br>es el mejor signo de amor<br>que t\u00fa nos puedes ofrecer,<br>abrazo de paz.<\/p>\n\n\n\n<p>PAZ EN LA TIERRA\u2026<\/p>\n","protected":false},"excerpt":{"rendered":"<p>Do Sol lam Dol Sol lamPAZ EN LA TIERRA, PAZ EN LAS ALTURAS,Fa Sol DoQUE EL GOZO ETERNO REINEFa rem [&hellip;]<\/p>\n","protected":false},"author":4,"featured_media":0,"comment_status":"open","ping_status":"open","sticky":false,"template":"","format":"standard","meta":{"_monsterinsights_skip_tracking":false,"_monsterinsights_sitenote_active":false,"_monsterinsights_sitenote_note":"","_monsterinsights_sitenote_category":0,"site-sidebar-layout":"default","site-content-layout":"","ast-site-content-layout":"","site-content-style":"default","site-sidebar-style":"default","ast-global-header-display":"","ast-banner-title-visibility":"","ast-main-header-display":"","ast-hfb-above-header-display":"","ast-hfb-below-header-display":"","ast-hfb-mobile-header-display":"","site-post-title":"","ast-breadcrumbs-content":"","ast-featured-img":"","footer-sml-layout":"","theme-transparent-header-meta":"","adv-header-id-meta":"","stick-header-meta":"","header-above-stick-meta":"","header-main-stick-meta":"","header-below-stick-meta":"","astra-migrate-meta-layouts":"default","ast-page-background-enabled":"default","ast-page-background-meta":{"desktop":{"background-color":"var(--ast-global-color-4)","background-image":"","background-repeat":"repeat","background-position":"center center","background-size":"auto","background-attachment":"scroll","background-type":"","background-media":"","overlay-type":"","overlay-color":"","overlay-gradient":""},"tablet":{"background-color":"","background-image":"","background-repeat":"repeat","background-position":"center center","background-size":"auto","background-attachment":"scroll","background-type":"","background-media":"","overlay-type":"","overlay-color":"","overlay-gradient":""},"mobile":{"background-color":"","background-image":"","background-repeat":"repeat","background-position":"center center","background-size":"auto","background-attachment":"scroll","background-type":"","background-media":"","overlay-type":"","overlay-color":"","overlay-gradient":""}},"ast-content-background-meta":{"desktop":{"background-color":"var(--ast-global-color-5)","background-image":"","background-repeat":"repeat","background-position":"center center","background-size":"auto","background-attachment":"scroll","background-type":"","background-media":"","overlay-type":"","overlay-color":"","overlay-gradient":""},"tablet":{"background-color":"var(--ast-global-color-5)","background-image":"","background-repeat":"repeat","background-position":"center center","background-size":"auto","background-attachment":"scroll","background-type":"","background-media":"","overlay-type":"","overlay-color":"","overlay-gradient":""},"mobile":{"background-color":"var(--ast-global-color-5)","background-image":"","background-repeat":"repeat","background-position":"center center","background-size":"auto","background-attachment":"scroll","background-type":"","background-media":"","overlay-type":"","overlay-color":"","overlay-gradient":""}},"footnotes":"","_links_to":"","_links_to_target":""},"categories":[30,59],"tags":[75,72,74,188,182],"class_list":["post-2621","post","type-post","status-publish","format-standard","hentry","category-paz","category-p","tag-acordes","tag-canto","tag-letra","tag-paz","tag-tierra"],"yoast_head":"<!-- This site is optimized with the Yoast SEO plugin v26.9 - https:\/\/yoast.com\/product\/yoast-seo-wordpress\/ -->\n<title>Paz en la Tierra - El arpa de No\u00e9<\/title>\n<meta name=\"robots\" content=\"index, follow, max-snippet:-1, max-image-preview:large, max-video-preview:-1\" \/>\n<link rel=\"canonical\" href=\"https:\/\/d2n2.org\/blogs\/Elarpadenoe\/paz-en-la-tierra\/\" \/>\n<meta property=\"og:locale\" content=\"es_ES\" \/>\n<meta property=\"og:type\" content=\"article\" \/>\n<meta property=\"og:title\" content=\"Paz en la Tierra - El arpa de No\u00e9\" \/>\n<meta property=\"og:description\" content=\"Do Sol lam Dol Sol lamPAZ EN LA TIERRA, PAZ EN LAS ALTURAS,Fa Sol DoQUE EL GOZO ETERNO REINEFa rem [&hellip;]\" \/>\n<meta property=\"og:url\" content=\"https:\/\/d2n2.org\/blogs\/Elarpadenoe\/paz-en-la-tierra\/\" \/>\n<meta property=\"og:site_name\" content=\"El arpa de No\u00e9\" \/>\n<meta property=\"article:published_time\" content=\"2025-02-23T18:05:58+00:00\" \/>\n<meta name=\"author\" content=\"Arturo de C\u00e1ceres\" \/>\n<meta name=\"twitter:label1\" content=\"Escrito por\" \/>\n\t<meta name=\"twitter:data1\" content=\"Arturo de C\u00e1ceres\" \/>\n\t<meta name=\"twitter:label2\" content=\"Tiempo de lectura\" \/>\n\t<meta name=\"twitter:data2\" content=\"1 minuto\" \/>\n<script type=\"application\/ld+json\" class=\"yoast-schema-graph\">{\"@context\":\"https:\/\/schema.org\",\"@graph\":[{\"@type\":\"Article\",\"@id\":\"https:\/\/d2n2.org\/blogs\/Elarpadenoe\/paz-en-la-tierra\/#article\",\"isPartOf\":{\"@id\":\"https:\/\/d2n2.org\/blogs\/Elarpadenoe\/paz-en-la-tierra\/\"},\"author\":{\"name\":\"Arturo de C\u00e1ceres\",\"@id\":\"https:\/\/d2n2.org\/blogs\/Elarpadenoe\/#\/schema\/person\/f67608cac647351c030ac446487adef7\"},\"headline\":\"Paz en la Tierra\",\"datePublished\":\"2025-02-23T18:05:58+00:00\",\"mainEntityOfPage\":{\"@id\":\"https:\/\/d2n2.org\/blogs\/Elarpadenoe\/paz-en-la-tierra\/\"},\"wordCount\":86,\"commentCount\":0,\"keywords\":[\"acordes\",\"canto\",\"letra\",\"paz\",\"tierra\"],\"articleSection\":[\"Paz\",\"P\"],\"inLanguage\":\"es\",\"potentialAction\":[{\"@type\":\"CommentAction\",\"name\":\"Comment\",\"target\":[\"https:\/\/d2n2.org\/blogs\/Elarpadenoe\/paz-en-la-tierra\/#respond\"]}]},{\"@type\":\"WebPage\",\"@id\":\"https:\/\/d2n2.org\/blogs\/Elarpadenoe\/paz-en-la-tierra\/\",\"url\":\"https:\/\/d2n2.org\/blogs\/Elarpadenoe\/paz-en-la-tierra\/\",\"name\":\"Paz en la Tierra - El arpa de No\u00e9\",\"isPartOf\":{\"@id\":\"https:\/\/d2n2.org\/blogs\/Elarpadenoe\/#website\"},\"datePublished\":\"2025-02-23T18:05:58+00:00\",\"author\":{\"@id\":\"https:\/\/d2n2.org\/blogs\/Elarpadenoe\/#\/schema\/person\/f67608cac647351c030ac446487adef7\"},\"breadcrumb\":{\"@id\":\"https:\/\/d2n2.org\/blogs\/Elarpadenoe\/paz-en-la-tierra\/#breadcrumb\"},\"inLanguage\":\"es\",\"potentialAction\":[{\"@type\":\"ReadAction\",\"target\":[\"https:\/\/d2n2.org\/blogs\/Elarpadenoe\/paz-en-la-tierra\/\"]}]},{\"@type\":\"BreadcrumbList\",\"@id\":\"https:\/\/d2n2.org\/blogs\/Elarpadenoe\/paz-en-la-tierra\/#breadcrumb\",\"itemListElement\":[{\"@type\":\"ListItem\",\"position\":1,\"name\":\"Home\",\"item\":\"https:\/\/d2n2.org\/blogs\/Elarpadenoe\/\"},{\"@type\":\"ListItem\",\"position\":2,\"name\":\"Paz en la Tierra\"}]},{\"@type\":\"WebSite\",\"@id\":\"https:\/\/d2n2.org\/blogs\/Elarpadenoe\/#website\",\"url\":\"https:\/\/d2n2.org\/blogs\/Elarpadenoe\/\",\"name\":\"El arpa de No\u00e9\",\"description\":\"\u00a1Salvemos las canciones!\",\"potentialAction\":[{\"@type\":\"SearchAction\",\"target\":{\"@type\":\"EntryPoint\",\"urlTemplate\":\"https:\/\/d2n2.org\/blogs\/Elarpadenoe\/?s={search_term_string}\"},\"query-input\":{\"@type\":\"PropertyValueSpecification\",\"valueRequired\":true,\"valueName\":\"search_term_string\"}}],\"inLanguage\":\"es\"},{\"@type\":\"Person\",\"@id\":\"https:\/\/d2n2.org\/blogs\/Elarpadenoe\/#\/schema\/person\/f67608cac647351c030ac446487adef7\",\"name\":\"Arturo de C\u00e1ceres\",\"image\":{\"@type\":\"ImageObject\",\"inLanguage\":\"es\",\"@id\":\"https:\/\/d2n2.org\/blogs\/Elarpadenoe\/#\/schema\/person\/image\/\",\"url\":\"https:\/\/secure.gravatar.com\/avatar\/17f7ce5ab6b48234b35e3df3e711035a892ad497dfa5c015e2ed965200f2c5a9?s=96&d=mm&r=g\",\"contentUrl\":\"https:\/\/secure.gravatar.com\/avatar\/17f7ce5ab6b48234b35e3df3e711035a892ad497dfa5c015e2ed965200f2c5a9?s=96&d=mm&r=g\",\"caption\":\"Arturo de C\u00e1ceres\"},\"url\":\"https:\/\/d2n2.org\/blogs\/Elarpadenoe\/author\/garturete\/\"}]}<\/script>\n<!-- \/ Yoast SEO plugin. -->","yoast_head_json":{"title":"Paz en la Tierra - El arpa de No\u00e9","robots":{"index":"index","follow":"follow","max-snippet":"max-snippet:-1","max-image-preview":"max-image-preview:large","max-video-preview":"max-video-preview:-1"},"canonical":"https:\/\/d2n2.org\/blogs\/Elarpadenoe\/paz-en-la-tierra\/","og_locale":"es_ES","og_type":"article","og_title":"Paz en la Tierra - El arpa de No\u00e9","og_description":"Do Sol lam Dol Sol lamPAZ EN LA TIERRA, PAZ EN LAS ALTURAS,Fa Sol DoQUE EL GOZO ETERNO REINEFa rem [&hellip;]","og_url":"https:\/\/d2n2.org\/blogs\/Elarpadenoe\/paz-en-la-tierra\/","og_site_name":"El arpa de No\u00e9","article_published_time":"2025-02-23T18:05:58+00:00","author":"Arturo de C\u00e1ceres","twitter_misc":{"Escrito por":"Arturo de C\u00e1ceres","Tiempo de lectura":"1 minuto"},"schema":{"@context":"https:\/\/schema.org","@graph":[{"@type":"Article","@id":"https:\/\/d2n2.org\/blogs\/Elarpadenoe\/paz-en-la-tierra\/#article","isPartOf":{"@id":"https:\/\/d2n2.org\/blogs\/Elarpadenoe\/paz-en-la-tierra\/"},"author":{"name":"Arturo de C\u00e1ceres","@id":"https:\/\/d2n2.org\/blogs\/Elarpadenoe\/#\/schema\/person\/f67608cac647351c030ac446487adef7"},"headline":"Paz en la Tierra","datePublished":"2025-02-23T18:05:58+00:00","mainEntityOfPage":{"@id":"https:\/\/d2n2.org\/blogs\/Elarpadenoe\/paz-en-la-tierra\/"},"wordCount":86,"commentCount":0,"keywords":["acordes","canto","letra","paz","tierra"],"articleSection":["Paz","P"],"inLanguage":"es","potentialAction":[{"@type":"CommentAction","name":"Comment","target":["https:\/\/d2n2.org\/blogs\/Elarpadenoe\/paz-en-la-tierra\/#respond"]}]},{"@type":"WebPage","@id":"https:\/\/d2n2.org\/blogs\/Elarpadenoe\/paz-en-la-tierra\/","url":"https:\/\/d2n2.org\/blogs\/Elarpadenoe\/paz-en-la-tierra\/","name":"Paz en la Tierra - El arpa de No\u00e9","isPartOf":{"@id":"https:\/\/d2n2.org\/blogs\/Elarpadenoe\/#website"},"datePublished":"2025-02-23T18:05:58+00:00","author":{"@id":"https:\/\/d2n2.org\/blogs\/Elarpadenoe\/#\/schema\/person\/f67608cac647351c030ac446487adef7"},"breadcrumb":{"@id":"https:\/\/d2n2.org\/blogs\/Elarpadenoe\/paz-en-la-tierra\/#breadcrumb"},"inLanguage":"es","potentialAction":[{"@type":"ReadAction","target":["https:\/\/d2n2.org\/blogs\/Elarpadenoe\/paz-en-la-tierra\/"]}]},{"@type":"BreadcrumbList","@id":"https:\/\/d2n2.org\/blogs\/Elarpadenoe\/paz-en-la-tierra\/#breadcrumb","itemListElement":[{"@type":"ListItem","position":1,"name":"Home","item":"https:\/\/d2n2.org\/blogs\/Elarpadenoe\/"},{"@type":"ListItem","position":2,"name":"Paz en la Tierra"}]},{"@type":"WebSite","@id":"https:\/\/d2n2.org\/blogs\/Elarpadenoe\/#website","url":"https:\/\/d2n2.org\/blogs\/Elarpadenoe\/","name":"El arpa de No\u00e9","description":"\u00a1Salvemos las canciones!","potentialAction":[{"@type":"SearchAction","target":{"@type":"EntryPoint","urlTemplate":"https:\/\/d2n2.org\/blogs\/Elarpadenoe\/?s={search_term_string}"},"query-input":{"@type":"PropertyValueSpecification","valueRequired":true,"valueName":"search_term_string"}}],"inLanguage":"es"},{"@type":"Person","@id":"https:\/\/d2n2.org\/blogs\/Elarpadenoe\/#\/schema\/person\/f67608cac647351c030ac446487adef7","name":"Arturo de C\u00e1ceres","image":{"@type":"ImageObject","inLanguage":"es","@id":"https:\/\/d2n2.org\/blogs\/Elarpadenoe\/#\/schema\/person\/image\/","url":"https:\/\/secure.gravatar.com\/avatar\/17f7ce5ab6b48234b35e3df3e711035a892ad497dfa5c015e2ed965200f2c5a9?s=96&d=mm&r=g","contentUrl":"https:\/\/secure.gravatar.com\/avatar\/17f7ce5ab6b48234b35e3df3e711035a892ad497dfa5c015e2ed965200f2c5a9?s=96&d=mm&r=g","caption":"Arturo de C\u00e1ceres"},"url":"https:\/\/d2n2.org\/blogs\/Elarpadenoe\/author\/garturete\/"}]}},"_links":{"self":[{"href":"https:\/\/d2n2.org\/blogs\/Elarpadenoe\/wp-json\/wp\/v2\/posts\/2621","targetHints":{"allow":["GET"]}}],"collection":[{"href":"https:\/\/d2n2.org\/blogs\/Elarpadenoe\/wp-json\/wp\/v2\/posts"}],"about":[{"href":"https:\/\/d2n2.org\/blogs\/Elarpadenoe\/wp-json\/wp\/v2\/types\/post"}],"author":[{"embeddable":true,"href":"https:\/\/d2n2.org\/blogs\/Elarpadenoe\/wp-json\/wp\/v2\/users\/4"}],"replies":[{"embeddable":true,"href":"https:\/\/d2n2.org\/blogs\/Elarpadenoe\/wp-json\/wp\/v2\/comments?post=2621"}],"version-history":[{"count":1,"href":"https:\/\/d2n2.org\/blogs\/Elarpadenoe\/wp-json\/wp\/v2\/posts\/2621\/revisions"}],"predecessor-version":[{"id":2623,"href":"https:\/\/d2n2.org\/blogs\/Elarpadenoe\/wp-json\/wp\/v2\/posts\/2621\/revisions\/2623"}],"wp:attachment":[{"href":"https:\/\/d2n2.org\/blogs\/Elarpadenoe\/wp-json\/wp\/v2\/media?parent=2621"}],"wp:term":[{"taxonomy":"category","embeddable":true,"href":"https:\/\/d2n2.org\/blogs\/Elarpadenoe\/wp-json\/wp\/v2\/categories?post=2621"},{"taxonomy":"post_tag","embeddable":true,"href":"https:\/\/d2n2.org\/blogs\/Elarpadenoe\/wp-json\/wp\/v2\/tags?post=2621"}],"curies":[{"name":"wp","href":"https:\/\/api.w.org\/{rel}","templated":true}]}}