{"id":2208,"date":"2023-11-04T11:14:36","date_gmt":"2023-11-04T11:14:36","guid":{"rendered":"https:\/\/d2n2.org\/blogs\/Elarpadenoe\/?p=2208"},"modified":"2023-10-25T11:23:59","modified_gmt":"2023-10-25T11:23:59","slug":"alabare-a-mi-senor","status":"publish","type":"post","link":"https:\/\/d2n2.org\/blogs\/Elarpadenoe\/alabare-a-mi-senor\/","title":{"rendered":"Alabar\u00e9 a mi Se\u00f1or"},"content":{"rendered":"\n<span id=\"post-ratings-2208\" class=\"post-ratings\" data-nonce=\"9aad673990\"><img decoding=\"async\" id=\"rating_2208_1\" src=\"https:\/\/d2n2.org\/blogs\/Elarpadenoe\/wp-content\/plugins\/wp-postratings\/images\/heart\/rating_1_off.gif\" alt=\"Me gusta\" title=\"Me gusta\" onmouseover=\"current_rating(2208, 1, 'Me gusta');\" onmouseout=\"ratings_off(0, 0, 0);\" onclick=\"rate_post();\" onkeypress=\"rate_post();\" style=\"cursor: pointer; border: 0px;\" \/> (Ninguna valoraci\u00f3n todav\u00eda)<br \/><span class=\"post-ratings-text\" id=\"ratings_2208_text\"><\/span><\/span><span id=\"post-ratings-2208-loading\" class=\"post-ratings-loading\"><img decoding=\"async\" src=\"https:\/\/d2n2.org\/blogs\/Elarpadenoe\/wp-content\/plugins\/wp-postratings\/images\/loading.gif\" width=\"16\" height=\"16\" class=\"post-ratings-image\" \/>Cargando...<\/span>\n\n\n\n<figure class=\"wp-block-audio\"><audio controls src=\"https:\/\/d2n2.org\/blogs\/Elarpadenoe\/wp-content\/uploads\/2023\/10\/Alabare.mp3\"><\/audio><\/figure>\n\n\n\n<div class=\"wp-block-file\"><a id=\"wp-block-file--media-3ffa89e4-8fca-48cd-8c8a-7bebb91ca468\" href=\"https:\/\/d2n2.org\/blogs\/Elarpadenoe\/wp-content\/uploads\/2023\/10\/Alabare.mp3\">Alabare<\/a><a href=\"https:\/\/d2n2.org\/blogs\/Elarpadenoe\/wp-content\/uploads\/2023\/10\/Alabare.mp3\" class=\"wp-block-file__button wp-element-button\" download aria-describedby=\"wp-block-file--media-3ffa89e4-8fca-48cd-8c8a-7bebb91ca468\">Descarga<\/a><\/div>\n\n\n\n<p>Do<br>ALABAR\u00c9, ALABAR\u00c9<br>lam<br>ALABAR\u00c9, ALABAR\u00c9<br>Fa Sol Do<br>ALABAR\u00c9 A MI SE\u00d1OR (2)<\/p>\n\n\n\n<p>Do<br>Juan vio el n\u00famero de los redimidos<br>Sol<br>Y todos alababan al Se\u00f1or<br>-7<br>Unos cantaban, otros oraban<br>Do<br>Y todos alababan al Se\u00f1or<\/p>\n\n\n\n<p>ALABAR\u00c9\u2026<\/p>\n\n\n\n<p>Somos tus hijos, Dios Padre Eterno,<br>t\u00fa nos has creado por amor.<br>Te adoramos, te bendecimos<br>y todos cantamos en tu honor.<\/p>\n\n\n\n<p>ALABAR\u00c9\u2026<\/p>\n\n\n\n<p>Todos unidos siempre cantaremos<br>glorias y alabanzas al Se\u00f1or.<br>Gloria al Padre, gloria al Hijo,<br>gloria al Esp\u00edritu de amor.<\/p>\n\n\n\n<p>ALABAR\u00c9\u2026<\/p>\n","protected":false},"excerpt":{"rendered":"<p>DoALABAR\u00c9, ALABAR\u00c9lamALABAR\u00c9, ALABAR\u00c9Fa Sol DoALABAR\u00c9 A MI SE\u00d1OR (2) DoJuan vio el n\u00famero de los redimidosSolY todos alababan al Se\u00f1or-7Unos [&hellip;]<\/p>\n","protected":false},"author":4,"featured_media":0,"comment_status":"open","ping_status":"open","sticky":false,"template":"","format":"standard","meta":{"_monsterinsights_skip_tracking":false,"_monsterinsights_sitenote_active":false,"_monsterinsights_sitenote_note":"","_monsterinsights_sitenote_category":0,"site-sidebar-layout":"default","site-content-layout":"","ast-site-content-layout":"","site-content-style":"default","site-sidebar-style":"default","ast-global-header-display":"","ast-banner-title-visibility":"","ast-main-header-display":"","ast-hfb-above-header-display":"","ast-hfb-below-header-display":"","ast-hfb-mobile-header-display":"","site-post-title":"","ast-breadcrumbs-content":"","ast-featured-img":"","footer-sml-layout":"","theme-transparent-header-meta":"","adv-header-id-meta":"","stick-header-meta":"","header-above-stick-meta":"","header-main-stick-meta":"","header-below-stick-meta":"","astra-migrate-meta-layouts":"default","ast-page-background-enabled":"default","ast-page-background-meta":{"desktop":{"background-color":"var(--ast-global-color-4)","background-image":"","background-repeat":"repeat","background-position":"center center","background-size":"auto","background-attachment":"scroll","background-type":"","background-media":"","overlay-type":"","overlay-color":"","overlay-gradient":""},"tablet":{"background-color":"","background-image":"","background-repeat":"repeat","background-position":"center center","background-size":"auto","background-attachment":"scroll","background-type":"","background-media":"","overlay-type":"","overlay-color":"","overlay-gradient":""},"mobile":{"background-color":"","background-image":"","background-repeat":"repeat","background-position":"center center","background-size":"auto","background-attachment":"scroll","background-type":"","background-media":"","overlay-type":"","overlay-color":"","overlay-gradient":""}},"ast-content-background-meta":{"desktop":{"background-color":"var(--ast-global-color-5)","background-image":"","background-repeat":"repeat","background-position":"center center","background-size":"auto","background-attachment":"scroll","background-type":"","background-media":"","overlay-type":"","overlay-color":"","overlay-gradient":""},"tablet":{"background-color":"var(--ast-global-color-5)","background-image":"","background-repeat":"repeat","background-position":"center center","background-size":"auto","background-attachment":"scroll","background-type":"","background-media":"","overlay-type":"","overlay-color":"","overlay-gradient":""},"mobile":{"background-color":"var(--ast-global-color-5)","background-image":"","background-repeat":"repeat","background-position":"center center","background-size":"auto","background-attachment":"scroll","background-type":"","background-media":"","overlay-type":"","overlay-color":"","overlay-gradient":""}},"footnotes":"","_links_to":"","_links_to_target":""},"categories":[13,2,70],"tags":[75,84,72,74,85],"class_list":["post-2208","post","type-post","status-publish","format-standard","hentry","category-alabanza","category-a","category-cantos-con-organo","tag-acordes","tag-alabare","tag-canto","tag-letra","tag-organo"],"yoast_head":"<!-- This site is optimized with the Yoast SEO plugin v26.9 - https:\/\/yoast.com\/product\/yoast-seo-wordpress\/ -->\n<title>Alabar\u00e9 a mi Se\u00f1or - El arpa de No\u00e9<\/title>\n<meta name=\"robots\" content=\"index, follow, max-snippet:-1, max-image-preview:large, max-video-preview:-1\" \/>\n<link rel=\"canonical\" href=\"https:\/\/d2n2.org\/blogs\/Elarpadenoe\/alabare-a-mi-senor\/\" \/>\n<meta property=\"og:locale\" content=\"es_ES\" \/>\n<meta property=\"og:type\" content=\"article\" \/>\n<meta property=\"og:title\" content=\"Alabar\u00e9 a mi Se\u00f1or - El arpa de No\u00e9\" \/>\n<meta property=\"og:description\" content=\"DoALABAR\u00c9, ALABAR\u00c9lamALABAR\u00c9, ALABAR\u00c9Fa Sol DoALABAR\u00c9 A MI SE\u00d1OR (2) DoJuan vio el n\u00famero de los redimidosSolY todos alababan al Se\u00f1or-7Unos [&hellip;]\" \/>\n<meta property=\"og:url\" content=\"https:\/\/d2n2.org\/blogs\/Elarpadenoe\/alabare-a-mi-senor\/\" \/>\n<meta property=\"og:site_name\" content=\"El arpa de No\u00e9\" \/>\n<meta property=\"article:published_time\" content=\"2023-11-04T11:14:36+00:00\" \/>\n<meta name=\"author\" content=\"Arturo de C\u00e1ceres\" \/>\n<meta name=\"twitter:label1\" content=\"Escrito por\" \/>\n\t<meta name=\"twitter:data1\" content=\"Arturo de C\u00e1ceres\" \/>\n\t<meta name=\"twitter:label2\" content=\"Tiempo de lectura\" \/>\n\t<meta name=\"twitter:data2\" content=\"1 minuto\" \/>\n<script type=\"application\/ld+json\" class=\"yoast-schema-graph\">{\"@context\":\"https:\/\/schema.org\",\"@graph\":[{\"@type\":\"Article\",\"@id\":\"https:\/\/d2n2.org\/blogs\/Elarpadenoe\/alabare-a-mi-senor\/#article\",\"isPartOf\":{\"@id\":\"https:\/\/d2n2.org\/blogs\/Elarpadenoe\/alabare-a-mi-senor\/\"},\"author\":{\"name\":\"Arturo de C\u00e1ceres\",\"@id\":\"https:\/\/d2n2.org\/blogs\/Elarpadenoe\/#\/schema\/person\/f67608cac647351c030ac446487adef7\"},\"headline\":\"Alabar\u00e9 a mi Se\u00f1or\",\"datePublished\":\"2023-11-04T11:14:36+00:00\",\"mainEntityOfPage\":{\"@id\":\"https:\/\/d2n2.org\/blogs\/Elarpadenoe\/alabare-a-mi-senor\/\"},\"wordCount\":86,\"commentCount\":0,\"keywords\":[\"acordes\",\"alabare\",\"canto\",\"letra\",\"organo\"],\"articleSection\":[\"Alabanza\",\"A\",\"Cantos con \u00f3rgano\"],\"inLanguage\":\"es\",\"potentialAction\":[{\"@type\":\"CommentAction\",\"name\":\"Comment\",\"target\":[\"https:\/\/d2n2.org\/blogs\/Elarpadenoe\/alabare-a-mi-senor\/#respond\"]}]},{\"@type\":\"WebPage\",\"@id\":\"https:\/\/d2n2.org\/blogs\/Elarpadenoe\/alabare-a-mi-senor\/\",\"url\":\"https:\/\/d2n2.org\/blogs\/Elarpadenoe\/alabare-a-mi-senor\/\",\"name\":\"Alabar\u00e9 a mi Se\u00f1or - El arpa de No\u00e9\",\"isPartOf\":{\"@id\":\"https:\/\/d2n2.org\/blogs\/Elarpadenoe\/#website\"},\"datePublished\":\"2023-11-04T11:14:36+00:00\",\"author\":{\"@id\":\"https:\/\/d2n2.org\/blogs\/Elarpadenoe\/#\/schema\/person\/f67608cac647351c030ac446487adef7\"},\"breadcrumb\":{\"@id\":\"https:\/\/d2n2.org\/blogs\/Elarpadenoe\/alabare-a-mi-senor\/#breadcrumb\"},\"inLanguage\":\"es\",\"potentialAction\":[{\"@type\":\"ReadAction\",\"target\":[\"https:\/\/d2n2.org\/blogs\/Elarpadenoe\/alabare-a-mi-senor\/\"]}]},{\"@type\":\"BreadcrumbList\",\"@id\":\"https:\/\/d2n2.org\/blogs\/Elarpadenoe\/alabare-a-mi-senor\/#breadcrumb\",\"itemListElement\":[{\"@type\":\"ListItem\",\"position\":1,\"name\":\"Home\",\"item\":\"https:\/\/d2n2.org\/blogs\/Elarpadenoe\/\"},{\"@type\":\"ListItem\",\"position\":2,\"name\":\"Alabar\u00e9 a mi Se\u00f1or\"}]},{\"@type\":\"WebSite\",\"@id\":\"https:\/\/d2n2.org\/blogs\/Elarpadenoe\/#website\",\"url\":\"https:\/\/d2n2.org\/blogs\/Elarpadenoe\/\",\"name\":\"El arpa de No\u00e9\",\"description\":\"\u00a1Salvemos las canciones!\",\"potentialAction\":[{\"@type\":\"SearchAction\",\"target\":{\"@type\":\"EntryPoint\",\"urlTemplate\":\"https:\/\/d2n2.org\/blogs\/Elarpadenoe\/?s={search_term_string}\"},\"query-input\":{\"@type\":\"PropertyValueSpecification\",\"valueRequired\":true,\"valueName\":\"search_term_string\"}}],\"inLanguage\":\"es\"},{\"@type\":\"Person\",\"@id\":\"https:\/\/d2n2.org\/blogs\/Elarpadenoe\/#\/schema\/person\/f67608cac647351c030ac446487adef7\",\"name\":\"Arturo de C\u00e1ceres\",\"image\":{\"@type\":\"ImageObject\",\"inLanguage\":\"es\",\"@id\":\"https:\/\/d2n2.org\/blogs\/Elarpadenoe\/#\/schema\/person\/image\/\",\"url\":\"https:\/\/secure.gravatar.com\/avatar\/17f7ce5ab6b48234b35e3df3e711035a892ad497dfa5c015e2ed965200f2c5a9?s=96&d=mm&r=g\",\"contentUrl\":\"https:\/\/secure.gravatar.com\/avatar\/17f7ce5ab6b48234b35e3df3e711035a892ad497dfa5c015e2ed965200f2c5a9?s=96&d=mm&r=g\",\"caption\":\"Arturo de C\u00e1ceres\"},\"url\":\"https:\/\/d2n2.org\/blogs\/Elarpadenoe\/author\/garturete\/\"}]}<\/script>\n<!-- \/ Yoast SEO plugin. -->","yoast_head_json":{"title":"Alabar\u00e9 a mi Se\u00f1or - El arpa de No\u00e9","robots":{"index":"index","follow":"follow","max-snippet":"max-snippet:-1","max-image-preview":"max-image-preview:large","max-video-preview":"max-video-preview:-1"},"canonical":"https:\/\/d2n2.org\/blogs\/Elarpadenoe\/alabare-a-mi-senor\/","og_locale":"es_ES","og_type":"article","og_title":"Alabar\u00e9 a mi Se\u00f1or - El arpa de No\u00e9","og_description":"DoALABAR\u00c9, ALABAR\u00c9lamALABAR\u00c9, ALABAR\u00c9Fa Sol DoALABAR\u00c9 A MI SE\u00d1OR (2) DoJuan vio el n\u00famero de los redimidosSolY todos alababan al Se\u00f1or-7Unos [&hellip;]","og_url":"https:\/\/d2n2.org\/blogs\/Elarpadenoe\/alabare-a-mi-senor\/","og_site_name":"El arpa de No\u00e9","article_published_time":"2023-11-04T11:14:36+00:00","author":"Arturo de C\u00e1ceres","twitter_misc":{"Escrito por":"Arturo de C\u00e1ceres","Tiempo de lectura":"1 minuto"},"schema":{"@context":"https:\/\/schema.org","@graph":[{"@type":"Article","@id":"https:\/\/d2n2.org\/blogs\/Elarpadenoe\/alabare-a-mi-senor\/#article","isPartOf":{"@id":"https:\/\/d2n2.org\/blogs\/Elarpadenoe\/alabare-a-mi-senor\/"},"author":{"name":"Arturo de C\u00e1ceres","@id":"https:\/\/d2n2.org\/blogs\/Elarpadenoe\/#\/schema\/person\/f67608cac647351c030ac446487adef7"},"headline":"Alabar\u00e9 a mi Se\u00f1or","datePublished":"2023-11-04T11:14:36+00:00","mainEntityOfPage":{"@id":"https:\/\/d2n2.org\/blogs\/Elarpadenoe\/alabare-a-mi-senor\/"},"wordCount":86,"commentCount":0,"keywords":["acordes","alabare","canto","letra","organo"],"articleSection":["Alabanza","A","Cantos con \u00f3rgano"],"inLanguage":"es","potentialAction":[{"@type":"CommentAction","name":"Comment","target":["https:\/\/d2n2.org\/blogs\/Elarpadenoe\/alabare-a-mi-senor\/#respond"]}]},{"@type":"WebPage","@id":"https:\/\/d2n2.org\/blogs\/Elarpadenoe\/alabare-a-mi-senor\/","url":"https:\/\/d2n2.org\/blogs\/Elarpadenoe\/alabare-a-mi-senor\/","name":"Alabar\u00e9 a mi Se\u00f1or - El arpa de No\u00e9","isPartOf":{"@id":"https:\/\/d2n2.org\/blogs\/Elarpadenoe\/#website"},"datePublished":"2023-11-04T11:14:36+00:00","author":{"@id":"https:\/\/d2n2.org\/blogs\/Elarpadenoe\/#\/schema\/person\/f67608cac647351c030ac446487adef7"},"breadcrumb":{"@id":"https:\/\/d2n2.org\/blogs\/Elarpadenoe\/alabare-a-mi-senor\/#breadcrumb"},"inLanguage":"es","potentialAction":[{"@type":"ReadAction","target":["https:\/\/d2n2.org\/blogs\/Elarpadenoe\/alabare-a-mi-senor\/"]}]},{"@type":"BreadcrumbList","@id":"https:\/\/d2n2.org\/blogs\/Elarpadenoe\/alabare-a-mi-senor\/#breadcrumb","itemListElement":[{"@type":"ListItem","position":1,"name":"Home","item":"https:\/\/d2n2.org\/blogs\/Elarpadenoe\/"},{"@type":"ListItem","position":2,"name":"Alabar\u00e9 a mi Se\u00f1or"}]},{"@type":"WebSite","@id":"https:\/\/d2n2.org\/blogs\/Elarpadenoe\/#website","url":"https:\/\/d2n2.org\/blogs\/Elarpadenoe\/","name":"El arpa de No\u00e9","description":"\u00a1Salvemos las canciones!","potentialAction":[{"@type":"SearchAction","target":{"@type":"EntryPoint","urlTemplate":"https:\/\/d2n2.org\/blogs\/Elarpadenoe\/?s={search_term_string}"},"query-input":{"@type":"PropertyValueSpecification","valueRequired":true,"valueName":"search_term_string"}}],"inLanguage":"es"},{"@type":"Person","@id":"https:\/\/d2n2.org\/blogs\/Elarpadenoe\/#\/schema\/person\/f67608cac647351c030ac446487adef7","name":"Arturo de C\u00e1ceres","image":{"@type":"ImageObject","inLanguage":"es","@id":"https:\/\/d2n2.org\/blogs\/Elarpadenoe\/#\/schema\/person\/image\/","url":"https:\/\/secure.gravatar.com\/avatar\/17f7ce5ab6b48234b35e3df3e711035a892ad497dfa5c015e2ed965200f2c5a9?s=96&d=mm&r=g","contentUrl":"https:\/\/secure.gravatar.com\/avatar\/17f7ce5ab6b48234b35e3df3e711035a892ad497dfa5c015e2ed965200f2c5a9?s=96&d=mm&r=g","caption":"Arturo de C\u00e1ceres"},"url":"https:\/\/d2n2.org\/blogs\/Elarpadenoe\/author\/garturete\/"}]}},"_links":{"self":[{"href":"https:\/\/d2n2.org\/blogs\/Elarpadenoe\/wp-json\/wp\/v2\/posts\/2208","targetHints":{"allow":["GET"]}}],"collection":[{"href":"https:\/\/d2n2.org\/blogs\/Elarpadenoe\/wp-json\/wp\/v2\/posts"}],"about":[{"href":"https:\/\/d2n2.org\/blogs\/Elarpadenoe\/wp-json\/wp\/v2\/types\/post"}],"author":[{"embeddable":true,"href":"https:\/\/d2n2.org\/blogs\/Elarpadenoe\/wp-json\/wp\/v2\/users\/4"}],"replies":[{"embeddable":true,"href":"https:\/\/d2n2.org\/blogs\/Elarpadenoe\/wp-json\/wp\/v2\/comments?post=2208"}],"version-history":[{"count":3,"href":"https:\/\/d2n2.org\/blogs\/Elarpadenoe\/wp-json\/wp\/v2\/posts\/2208\/revisions"}],"predecessor-version":[{"id":2213,"href":"https:\/\/d2n2.org\/blogs\/Elarpadenoe\/wp-json\/wp\/v2\/posts\/2208\/revisions\/2213"}],"wp:attachment":[{"href":"https:\/\/d2n2.org\/blogs\/Elarpadenoe\/wp-json\/wp\/v2\/media?parent=2208"}],"wp:term":[{"taxonomy":"category","embeddable":true,"href":"https:\/\/d2n2.org\/blogs\/Elarpadenoe\/wp-json\/wp\/v2\/categories?post=2208"},{"taxonomy":"post_tag","embeddable":true,"href":"https:\/\/d2n2.org\/blogs\/Elarpadenoe\/wp-json\/wp\/v2\/tags?post=2208"}],"curies":[{"name":"wp","href":"https:\/\/api.w.org\/{rel}","templated":true}]}}