{"id":2182,"date":"2023-07-22T10:04:00","date_gmt":"2023-07-22T10:04:00","guid":{"rendered":"https:\/\/d2n2.org\/blogs\/Elarpadenoe\/?p=2182"},"modified":"2023-07-07T17:11:58","modified_gmt":"2023-07-07T17:11:58","slug":"el-senor-es-mi-luz-salmo-26","status":"publish","type":"post","link":"https:\/\/d2n2.org\/blogs\/Elarpadenoe\/el-senor-es-mi-luz-salmo-26\/","title":{"rendered":"El Se\u00f1or es mi luz (Salmo 26)"},"content":{"rendered":"\n<span id=\"post-ratings-2182\" class=\"post-ratings\" data-nonce=\"7a79eb3671\"><img decoding=\"async\" id=\"rating_2182_1\" src=\"https:\/\/d2n2.org\/blogs\/Elarpadenoe\/wp-content\/plugins\/wp-postratings\/images\/heart\/rating_1_off.gif\" alt=\"Me gusta\" title=\"Me gusta\" onmouseover=\"current_rating(2182, 1, 'Me gusta');\" onmouseout=\"ratings_off(0, 0, 0);\" onclick=\"rate_post();\" onkeypress=\"rate_post();\" style=\"cursor: pointer; border: 0px;\" \/> (Ninguna valoraci\u00f3n todav\u00eda)<br \/><span class=\"post-ratings-text\" id=\"ratings_2182_text\"><\/span><\/span><span id=\"post-ratings-2182-loading\" class=\"post-ratings-loading\"><img decoding=\"async\" src=\"https:\/\/d2n2.org\/blogs\/Elarpadenoe\/wp-content\/plugins\/wp-postratings\/images\/loading.gif\" width=\"16\" height=\"16\" class=\"post-ratings-image\" \/>Cargando...<\/span>\n\n\n\n<figure class=\"wp-block-audio\"><audio controls src=\"https:\/\/d2n2.org\/blogs\/Elarpadenoe\/wp-content\/uploads\/2023\/07\/El-Senor-es-mi-luz-Salmo-26.mp3\"><\/audio><\/figure>\n\n\n\n<div class=\"wp-block-file\"><a id=\"wp-block-file--media-a3169f8d-5ecd-4e14-8b5d-1143737fa6fc\" href=\"https:\/\/d2n2.org\/blogs\/Elarpadenoe\/wp-content\/uploads\/2023\/07\/El-Senor-es-mi-luz-Salmo-26.mp3\">El Se\u00f1or es mi luz (Salmo 26)<\/a><a href=\"https:\/\/d2n2.org\/blogs\/Elarpadenoe\/wp-content\/uploads\/2023\/07\/El-Senor-es-mi-luz-Salmo-26.mp3\" class=\"wp-block-file__button wp-element-button\" download aria-describedby=\"wp-block-file--media-a3169f8d-5ecd-4e14-8b5d-1143737fa6fc\">Descarga<\/a><\/div>\n\n\n\n<p>    Do            Fa       Do <br>EL SE\u00d1OR ES MI LUZ Y MI SALVACI\u00d3N    <br>Fa     rem         Sol   <br>EL SE\u00d1OR ES LA DEFENSA DE MI VIDA.     <br>Fa           fam     Sol        Do <br>SI EL SE\u00d1OR ES MI LUZ, \u00bfA QUI\u00c9N TEMER\u00c9?  <br>Fa          Sol      Do <br>\u00bfQUI\u00c9N ME HAR\u00c1 TEMBLAR?    <br>Fa    Sol            Do <br>Una cosa pido al Se\u00f1or:    <br>rem     Sol     Do <br>habitar por siempre en su casa,    <br>Fa    Sol   Do <br>gozar de la dulzura del se\u00f1or <br>Fa       rem             Sol <br>contemplando su templo santo. <br><br>No me escondas tu rostro, Se\u00f1or, <br>buscar\u00e9 todo el d\u00eda tu rostro. <br>Si mi padre y mi madre me abandonan <br>el Se\u00f1or me recoger\u00e1. <br><br>Oh, Se\u00f1or, ens\u00e9\u00f1ame el camino, <br>gu\u00edame por la senda verdadera. <br>Gozar\u00e9 de la dicha del Se\u00f1or <br>en la tierra de la vida.<\/p>\n","protected":false},"excerpt":{"rendered":"<p>Do Fa Do EL SE\u00d1OR ES MI LUZ Y MI SALVACI\u00d3N Fa rem Sol EL SE\u00d1OR ES LA DEFENSA DE [&hellip;]<\/p>\n","protected":false},"author":4,"featured_media":0,"comment_status":"open","ping_status":"open","sticky":false,"template":"","format":"standard","meta":{"_monsterinsights_skip_tracking":false,"_monsterinsights_sitenote_active":false,"_monsterinsights_sitenote_note":"","_monsterinsights_sitenote_category":0,"site-sidebar-layout":"default","site-content-layout":"","ast-site-content-layout":"","site-content-style":"default","site-sidebar-style":"default","ast-global-header-display":"","ast-banner-title-visibility":"","ast-main-header-display":"","ast-hfb-above-header-display":"","ast-hfb-below-header-display":"","ast-hfb-mobile-header-display":"","site-post-title":"","ast-breadcrumbs-content":"","ast-featured-img":"","footer-sml-layout":"","theme-transparent-header-meta":"","adv-header-id-meta":"","stick-header-meta":"","header-above-stick-meta":"","header-main-stick-meta":"","header-below-stick-meta":"","astra-migrate-meta-layouts":"default","ast-page-background-enabled":"default","ast-page-background-meta":{"desktop":{"background-color":"var(--ast-global-color-4)","background-image":"","background-repeat":"repeat","background-position":"center center","background-size":"auto","background-attachment":"scroll","background-type":"","background-media":"","overlay-type":"","overlay-color":"","overlay-gradient":""},"tablet":{"background-color":"","background-image":"","background-repeat":"repeat","background-position":"center center","background-size":"auto","background-attachment":"scroll","background-type":"","background-media":"","overlay-type":"","overlay-color":"","overlay-gradient":""},"mobile":{"background-color":"","background-image":"","background-repeat":"repeat","background-position":"center center","background-size":"auto","background-attachment":"scroll","background-type":"","background-media":"","overlay-type":"","overlay-color":"","overlay-gradient":""}},"ast-content-background-meta":{"desktop":{"background-color":"var(--ast-global-color-5)","background-image":"","background-repeat":"repeat","background-position":"center center","background-size":"auto","background-attachment":"scroll","background-type":"","background-media":"","overlay-type":"","overlay-color":"","overlay-gradient":""},"tablet":{"background-color":"var(--ast-global-color-5)","background-image":"","background-repeat":"repeat","background-position":"center center","background-size":"auto","background-attachment":"scroll","background-type":"","background-media":"","overlay-type":"","overlay-color":"","overlay-gradient":""},"mobile":{"background-color":"var(--ast-global-color-5)","background-image":"","background-repeat":"repeat","background-position":"center center","background-size":"auto","background-attachment":"scroll","background-type":"","background-media":"","overlay-type":"","overlay-color":"","overlay-gradient":""}},"footnotes":"","_links_to":"","_links_to_target":""},"categories":[5,70,47],"tags":[],"class_list":["post-2182","post","type-post","status-publish","format-standard","hentry","category-biblia","category-cantos-con-organo","category-e"],"yoast_head":"<!-- This site is optimized with the Yoast SEO plugin v26.9 - https:\/\/yoast.com\/product\/yoast-seo-wordpress\/ -->\n<title>El Se\u00f1or es mi luz (Salmo 26) - El arpa de No\u00e9<\/title>\n<meta name=\"robots\" content=\"index, follow, max-snippet:-1, max-image-preview:large, max-video-preview:-1\" \/>\n<link rel=\"canonical\" href=\"https:\/\/d2n2.org\/blogs\/Elarpadenoe\/el-senor-es-mi-luz-salmo-26\/\" \/>\n<meta property=\"og:locale\" content=\"es_ES\" \/>\n<meta property=\"og:type\" content=\"article\" \/>\n<meta property=\"og:title\" content=\"El Se\u00f1or es mi luz (Salmo 26) - El arpa de No\u00e9\" \/>\n<meta property=\"og:description\" content=\"Do Fa Do EL SE\u00d1OR ES MI LUZ Y MI SALVACI\u00d3N Fa rem Sol EL SE\u00d1OR ES LA DEFENSA DE [&hellip;]\" \/>\n<meta property=\"og:url\" content=\"https:\/\/d2n2.org\/blogs\/Elarpadenoe\/el-senor-es-mi-luz-salmo-26\/\" \/>\n<meta property=\"og:site_name\" content=\"El arpa de No\u00e9\" \/>\n<meta property=\"article:published_time\" content=\"2023-07-22T10:04:00+00:00\" \/>\n<meta name=\"author\" content=\"Arturo de C\u00e1ceres\" \/>\n<meta name=\"twitter:label1\" content=\"Escrito por\" \/>\n\t<meta name=\"twitter:data1\" content=\"Arturo de C\u00e1ceres\" \/>\n\t<meta name=\"twitter:label2\" content=\"Tiempo de lectura\" \/>\n\t<meta name=\"twitter:data2\" content=\"1 minuto\" \/>\n<script type=\"application\/ld+json\" class=\"yoast-schema-graph\">{\"@context\":\"https:\/\/schema.org\",\"@graph\":[{\"@type\":\"Article\",\"@id\":\"https:\/\/d2n2.org\/blogs\/Elarpadenoe\/el-senor-es-mi-luz-salmo-26\/#article\",\"isPartOf\":{\"@id\":\"https:\/\/d2n2.org\/blogs\/Elarpadenoe\/el-senor-es-mi-luz-salmo-26\/\"},\"author\":{\"name\":\"Arturo de C\u00e1ceres\",\"@id\":\"https:\/\/d2n2.org\/blogs\/Elarpadenoe\/#\/schema\/person\/f67608cac647351c030ac446487adef7\"},\"headline\":\"El Se\u00f1or es mi luz (Salmo 26)\",\"datePublished\":\"2023-07-22T10:04:00+00:00\",\"mainEntityOfPage\":{\"@id\":\"https:\/\/d2n2.org\/blogs\/Elarpadenoe\/el-senor-es-mi-luz-salmo-26\/\"},\"wordCount\":152,\"commentCount\":0,\"articleSection\":[\"Biblia\",\"Cantos con \u00f3rgano\",\"E\"],\"inLanguage\":\"es\",\"potentialAction\":[{\"@type\":\"CommentAction\",\"name\":\"Comment\",\"target\":[\"https:\/\/d2n2.org\/blogs\/Elarpadenoe\/el-senor-es-mi-luz-salmo-26\/#respond\"]}]},{\"@type\":\"WebPage\",\"@id\":\"https:\/\/d2n2.org\/blogs\/Elarpadenoe\/el-senor-es-mi-luz-salmo-26\/\",\"url\":\"https:\/\/d2n2.org\/blogs\/Elarpadenoe\/el-senor-es-mi-luz-salmo-26\/\",\"name\":\"El Se\u00f1or es mi luz (Salmo 26) - El arpa de No\u00e9\",\"isPartOf\":{\"@id\":\"https:\/\/d2n2.org\/blogs\/Elarpadenoe\/#website\"},\"datePublished\":\"2023-07-22T10:04:00+00:00\",\"author\":{\"@id\":\"https:\/\/d2n2.org\/blogs\/Elarpadenoe\/#\/schema\/person\/f67608cac647351c030ac446487adef7\"},\"breadcrumb\":{\"@id\":\"https:\/\/d2n2.org\/blogs\/Elarpadenoe\/el-senor-es-mi-luz-salmo-26\/#breadcrumb\"},\"inLanguage\":\"es\",\"potentialAction\":[{\"@type\":\"ReadAction\",\"target\":[\"https:\/\/d2n2.org\/blogs\/Elarpadenoe\/el-senor-es-mi-luz-salmo-26\/\"]}]},{\"@type\":\"BreadcrumbList\",\"@id\":\"https:\/\/d2n2.org\/blogs\/Elarpadenoe\/el-senor-es-mi-luz-salmo-26\/#breadcrumb\",\"itemListElement\":[{\"@type\":\"ListItem\",\"position\":1,\"name\":\"Home\",\"item\":\"https:\/\/d2n2.org\/blogs\/Elarpadenoe\/\"},{\"@type\":\"ListItem\",\"position\":2,\"name\":\"El Se\u00f1or es mi luz (Salmo 26)\"}]},{\"@type\":\"WebSite\",\"@id\":\"https:\/\/d2n2.org\/blogs\/Elarpadenoe\/#website\",\"url\":\"https:\/\/d2n2.org\/blogs\/Elarpadenoe\/\",\"name\":\"El arpa de No\u00e9\",\"description\":\"\u00a1Salvemos las canciones!\",\"potentialAction\":[{\"@type\":\"SearchAction\",\"target\":{\"@type\":\"EntryPoint\",\"urlTemplate\":\"https:\/\/d2n2.org\/blogs\/Elarpadenoe\/?s={search_term_string}\"},\"query-input\":{\"@type\":\"PropertyValueSpecification\",\"valueRequired\":true,\"valueName\":\"search_term_string\"}}],\"inLanguage\":\"es\"},{\"@type\":\"Person\",\"@id\":\"https:\/\/d2n2.org\/blogs\/Elarpadenoe\/#\/schema\/person\/f67608cac647351c030ac446487adef7\",\"name\":\"Arturo de C\u00e1ceres\",\"image\":{\"@type\":\"ImageObject\",\"inLanguage\":\"es\",\"@id\":\"https:\/\/d2n2.org\/blogs\/Elarpadenoe\/#\/schema\/person\/image\/\",\"url\":\"https:\/\/secure.gravatar.com\/avatar\/17f7ce5ab6b48234b35e3df3e711035a892ad497dfa5c015e2ed965200f2c5a9?s=96&d=mm&r=g\",\"contentUrl\":\"https:\/\/secure.gravatar.com\/avatar\/17f7ce5ab6b48234b35e3df3e711035a892ad497dfa5c015e2ed965200f2c5a9?s=96&d=mm&r=g\",\"caption\":\"Arturo de C\u00e1ceres\"},\"url\":\"https:\/\/d2n2.org\/blogs\/Elarpadenoe\/author\/garturete\/\"}]}<\/script>\n<!-- \/ Yoast SEO plugin. -->","yoast_head_json":{"title":"El Se\u00f1or es mi luz (Salmo 26) - El arpa de No\u00e9","robots":{"index":"index","follow":"follow","max-snippet":"max-snippet:-1","max-image-preview":"max-image-preview:large","max-video-preview":"max-video-preview:-1"},"canonical":"https:\/\/d2n2.org\/blogs\/Elarpadenoe\/el-senor-es-mi-luz-salmo-26\/","og_locale":"es_ES","og_type":"article","og_title":"El Se\u00f1or es mi luz (Salmo 26) - El arpa de No\u00e9","og_description":"Do Fa Do EL SE\u00d1OR ES MI LUZ Y MI SALVACI\u00d3N Fa rem Sol EL SE\u00d1OR ES LA DEFENSA DE [&hellip;]","og_url":"https:\/\/d2n2.org\/blogs\/Elarpadenoe\/el-senor-es-mi-luz-salmo-26\/","og_site_name":"El arpa de No\u00e9","article_published_time":"2023-07-22T10:04:00+00:00","author":"Arturo de C\u00e1ceres","twitter_misc":{"Escrito por":"Arturo de C\u00e1ceres","Tiempo de lectura":"1 minuto"},"schema":{"@context":"https:\/\/schema.org","@graph":[{"@type":"Article","@id":"https:\/\/d2n2.org\/blogs\/Elarpadenoe\/el-senor-es-mi-luz-salmo-26\/#article","isPartOf":{"@id":"https:\/\/d2n2.org\/blogs\/Elarpadenoe\/el-senor-es-mi-luz-salmo-26\/"},"author":{"name":"Arturo de C\u00e1ceres","@id":"https:\/\/d2n2.org\/blogs\/Elarpadenoe\/#\/schema\/person\/f67608cac647351c030ac446487adef7"},"headline":"El Se\u00f1or es mi luz (Salmo 26)","datePublished":"2023-07-22T10:04:00+00:00","mainEntityOfPage":{"@id":"https:\/\/d2n2.org\/blogs\/Elarpadenoe\/el-senor-es-mi-luz-salmo-26\/"},"wordCount":152,"commentCount":0,"articleSection":["Biblia","Cantos con \u00f3rgano","E"],"inLanguage":"es","potentialAction":[{"@type":"CommentAction","name":"Comment","target":["https:\/\/d2n2.org\/blogs\/Elarpadenoe\/el-senor-es-mi-luz-salmo-26\/#respond"]}]},{"@type":"WebPage","@id":"https:\/\/d2n2.org\/blogs\/Elarpadenoe\/el-senor-es-mi-luz-salmo-26\/","url":"https:\/\/d2n2.org\/blogs\/Elarpadenoe\/el-senor-es-mi-luz-salmo-26\/","name":"El Se\u00f1or es mi luz (Salmo 26) - El arpa de No\u00e9","isPartOf":{"@id":"https:\/\/d2n2.org\/blogs\/Elarpadenoe\/#website"},"datePublished":"2023-07-22T10:04:00+00:00","author":{"@id":"https:\/\/d2n2.org\/blogs\/Elarpadenoe\/#\/schema\/person\/f67608cac647351c030ac446487adef7"},"breadcrumb":{"@id":"https:\/\/d2n2.org\/blogs\/Elarpadenoe\/el-senor-es-mi-luz-salmo-26\/#breadcrumb"},"inLanguage":"es","potentialAction":[{"@type":"ReadAction","target":["https:\/\/d2n2.org\/blogs\/Elarpadenoe\/el-senor-es-mi-luz-salmo-26\/"]}]},{"@type":"BreadcrumbList","@id":"https:\/\/d2n2.org\/blogs\/Elarpadenoe\/el-senor-es-mi-luz-salmo-26\/#breadcrumb","itemListElement":[{"@type":"ListItem","position":1,"name":"Home","item":"https:\/\/d2n2.org\/blogs\/Elarpadenoe\/"},{"@type":"ListItem","position":2,"name":"El Se\u00f1or es mi luz (Salmo 26)"}]},{"@type":"WebSite","@id":"https:\/\/d2n2.org\/blogs\/Elarpadenoe\/#website","url":"https:\/\/d2n2.org\/blogs\/Elarpadenoe\/","name":"El arpa de No\u00e9","description":"\u00a1Salvemos las canciones!","potentialAction":[{"@type":"SearchAction","target":{"@type":"EntryPoint","urlTemplate":"https:\/\/d2n2.org\/blogs\/Elarpadenoe\/?s={search_term_string}"},"query-input":{"@type":"PropertyValueSpecification","valueRequired":true,"valueName":"search_term_string"}}],"inLanguage":"es"},{"@type":"Person","@id":"https:\/\/d2n2.org\/blogs\/Elarpadenoe\/#\/schema\/person\/f67608cac647351c030ac446487adef7","name":"Arturo de C\u00e1ceres","image":{"@type":"ImageObject","inLanguage":"es","@id":"https:\/\/d2n2.org\/blogs\/Elarpadenoe\/#\/schema\/person\/image\/","url":"https:\/\/secure.gravatar.com\/avatar\/17f7ce5ab6b48234b35e3df3e711035a892ad497dfa5c015e2ed965200f2c5a9?s=96&d=mm&r=g","contentUrl":"https:\/\/secure.gravatar.com\/avatar\/17f7ce5ab6b48234b35e3df3e711035a892ad497dfa5c015e2ed965200f2c5a9?s=96&d=mm&r=g","caption":"Arturo de C\u00e1ceres"},"url":"https:\/\/d2n2.org\/blogs\/Elarpadenoe\/author\/garturete\/"}]}},"_links":{"self":[{"href":"https:\/\/d2n2.org\/blogs\/Elarpadenoe\/wp-json\/wp\/v2\/posts\/2182","targetHints":{"allow":["GET"]}}],"collection":[{"href":"https:\/\/d2n2.org\/blogs\/Elarpadenoe\/wp-json\/wp\/v2\/posts"}],"about":[{"href":"https:\/\/d2n2.org\/blogs\/Elarpadenoe\/wp-json\/wp\/v2\/types\/post"}],"author":[{"embeddable":true,"href":"https:\/\/d2n2.org\/blogs\/Elarpadenoe\/wp-json\/wp\/v2\/users\/4"}],"replies":[{"embeddable":true,"href":"https:\/\/d2n2.org\/blogs\/Elarpadenoe\/wp-json\/wp\/v2\/comments?post=2182"}],"version-history":[{"count":2,"href":"https:\/\/d2n2.org\/blogs\/Elarpadenoe\/wp-json\/wp\/v2\/posts\/2182\/revisions"}],"predecessor-version":[{"id":2185,"href":"https:\/\/d2n2.org\/blogs\/Elarpadenoe\/wp-json\/wp\/v2\/posts\/2182\/revisions\/2185"}],"wp:attachment":[{"href":"https:\/\/d2n2.org\/blogs\/Elarpadenoe\/wp-json\/wp\/v2\/media?parent=2182"}],"wp:term":[{"taxonomy":"category","embeddable":true,"href":"https:\/\/d2n2.org\/blogs\/Elarpadenoe\/wp-json\/wp\/v2\/categories?post=2182"},{"taxonomy":"post_tag","embeddable":true,"href":"https:\/\/d2n2.org\/blogs\/Elarpadenoe\/wp-json\/wp\/v2\/tags?post=2182"}],"curies":[{"name":"wp","href":"https:\/\/api.w.org\/{rel}","templated":true}]}}