{"id":2164,"date":"2022-12-17T11:46:57","date_gmt":"2022-12-17T11:46:57","guid":{"rendered":"https:\/\/d2n2.org\/blogs\/Elarpadenoe\/?p=2164"},"modified":"2022-11-07T12:01:53","modified_gmt":"2022-11-07T12:01:53","slug":"la-historia-mas-bella","status":"publish","type":"post","link":"https:\/\/d2n2.org\/blogs\/Elarpadenoe\/la-historia-mas-bella\/","title":{"rendered":"La historia m\u00e1s bella"},"content":{"rendered":"<span id=\"post-ratings-2164\" class=\"post-ratings\" data-nonce=\"4fd1bf0cf2\"><img decoding=\"async\" id=\"rating_2164_1\" src=\"https:\/\/d2n2.org\/blogs\/Elarpadenoe\/wp-content\/plugins\/wp-postratings\/images\/heart\/rating_1_on.gif\" alt=\"Me gusta\" title=\"Me gusta\" onmouseover=\"current_rating(2164, 1, 'Me gusta');\" onmouseout=\"ratings_off(1, 0, 0);\" onclick=\"rate_post();\" onkeypress=\"rate_post();\" style=\"cursor: pointer; border: 0px;\" \/> (<strong>5<\/strong> votos, promedio: <strong>1,00<\/strong> de 1)<br \/><span class=\"post-ratings-text\" id=\"ratings_2164_text\"><\/span><\/span><span id=\"post-ratings-2164-loading\" class=\"post-ratings-loading\"><img decoding=\"async\" src=\"https:\/\/d2n2.org\/blogs\/Elarpadenoe\/wp-content\/plugins\/wp-postratings\/images\/loading.gif\" width=\"16\" height=\"16\" class=\"post-ratings-image\" \/>Cargando...<\/span>\n<audio class=\"wp-audio-shortcode\" id=\"audio-2164-1\" preload=\"none\" style=\"width: 100%;\" controls=\"controls\"><source type=\"audio\/mpeg\" src=\"https:\/\/d2n2.org\/blogs\/Elarpadenoe\/wp-content\/uploads\/2022\/11\/La-historia-m\u00e1s-bella.mp3?_=1\" \/><a href=\"https:\/\/d2n2.org\/blogs\/Elarpadenoe\/wp-content\/uploads\/2022\/11\/La-historia-m\u00e1s-bella.mp3\">https:\/\/d2n2.org\/blogs\/Elarpadenoe\/wp-content\/uploads\/2022\/11\/La-historia-m\u00e1s-bella.mp3<\/a><\/audio>\n<p><a href=\"https:\/\/d2n2.org\/blogs\/Elarpadenoe\/wp-content\/uploads\/2022\/11\/La-historia-m\u00e1s-bella.mp3\">La historia m\u00e1s bella<\/a><\/p>\n<p>Intro: Do Sol lam mim Fa rem7 Do<\/p>\n<p>Do Sol lam<br \/>\nEsta no es una canci\u00f3n cualquiera,<br \/>\nmim Fa<br \/>\nes la historia m\u00e1s bella<br \/>\nrem7 Sol7<br \/>\nde toda la humanidad.<br \/>\nDo Fa7 lam<br \/>\nCuenta la historia de un hombre<br \/>\nrem7<br \/>\ny su Evangelio de amor,<br \/>\nFa rem7<br \/>\n\u00c9l dio su vida por todos<br \/>\nFa7 Sol7<br \/>\ny la cambi\u00f3 por dolor.<br \/>\nDo Fa7<br \/>\nFue hace m\u00e1s de dos mil a\u00f1os,<br \/>\nrem7<br \/>\ntodo empez\u00f3 en Nazaret,<br \/>\nSol<br \/>\ncuando el \u00e1ngel la dejaba<br \/>\nFa<br \/>\nMar\u00eda s\u00f3lo temblaba<br \/>\nDo<br \/>\n\u00ab\u00bfC\u00f3mo le cuento a Jose?\u00bb<br \/>\nlam<br \/>\nLleg\u00f3 el momento del parto,<br \/>\nFa rem7<br \/>\nni un sitio d\u00f3nde yacer,<br \/>\nFa rem7<br \/>\ny en un humilde pesebre<br \/>\nFa7 Sol7<br \/>\nel Se\u00f1or quiso nacer.<\/p>\n<p>mim lam<br \/>\nEMPEZ\u00d3 CON TREINTA A\u00d1OS<br \/>\nFa Do<br \/>\nA ANUNCIAR LA BUENA NUEVA,<br \/>\nrem7 lam<br \/>\nMENSAJE DE DIOS QUE LLEVA<br \/>\nSol lam7<br \/>\nLO IMPORTANTE DE LA VIDA.<br \/>\nFa<br \/>\nA ESTA SOCIEDAD DORMIDA<br \/>\nSidim Sol7<br \/>\nTAMBI\u00c9N DEBEMOS LLEVAR<br \/>\nlam Sidim<br \/>\nSU LEGADO EXTRAORDINARIO<br \/>\nDo rem7<br \/>\nDE AMOR REVOLUCIONARIO<br \/>\nFa Sol7<br \/>\nQUE \u00c9L NOS QUISO DEJAR.<\/p>\n<p>Para empezar su misi\u00f3n, el Mes\u00edas<br \/>\nescogi\u00f3 doce elegidos.<br \/>\nSu vida ya no fue igual.<br \/>\nEn par\u00e1bolas dec\u00eda<br \/>\nc\u00f3mo deb\u00edan vivir,<br \/>\nsiendo de todos el \u00faltimo<br \/>\ncomo \u00e9l hizo al morir.<br \/>\nAl cabo de los tres a\u00f1os,<br \/>\nllegado el tiempo de Pascua,<br \/>\ncon ellos quiso cenar<br \/>\ny sus pies tambi\u00e9n lavar,<br \/>\nd\u00e1ndose en acto de amor.<br \/>\nCon un beso lo entregaron<br \/>\ny empezaba su Pasi\u00f3n.<br \/>\nLe humillaron y azotaron,<br \/>\ny a\u00fan as\u00ed les perdon\u00f3.<\/p>\n<p>Ya amaneciendo el tercer d\u00eda<br \/>\nsu tumba estaba vac\u00eda,<br \/>\nlo hab\u00eda anunciado ya.<br \/>\nTardaron en comprender<br \/>\nlos de camino a Ema\u00fas,<br \/>\ns\u00f3lo al final entendieron<br \/>\nque aquel hombre era Jes\u00fas.<br \/>\nCuando este subi\u00f3 al cielo<br \/>\nun encargo les dejaba:<br \/>\nla de llevar por el mundo<br \/>\nsu anuncio de amor profundo.<br \/>\nY la misi\u00f3n comenzaba.<br \/>\nRescatemos lo importante<br \/>\nque tiene esta gran labor<br \/>\ny que lleva por delante<br \/>\neste mensaje de amor.<\/p>\n","protected":false},"excerpt":{"rendered":"<p>La historia m\u00e1s bella Intro: Do Sol lam mim Fa rem7 Do Do Sol lam Esta no es una canci\u00f3n [&hellip;]<\/p>\n","protected":false},"author":4,"featured_media":0,"comment_status":"open","ping_status":"open","sticky":false,"template":"","format":"standard","meta":{"_monsterinsights_skip_tracking":false,"_monsterinsights_sitenote_active":false,"_monsterinsights_sitenote_note":"","_monsterinsights_sitenote_category":0,"site-sidebar-layout":"default","site-content-layout":"","ast-site-content-layout":"","site-content-style":"default","site-sidebar-style":"default","ast-global-header-display":"","ast-banner-title-visibility":"","ast-main-header-display":"","ast-hfb-above-header-display":"","ast-hfb-below-header-display":"","ast-hfb-mobile-header-display":"","site-post-title":"","ast-breadcrumbs-content":"","ast-featured-img":"","footer-sml-layout":"","theme-transparent-header-meta":"","adv-header-id-meta":"","stick-header-meta":"","header-above-stick-meta":"","header-main-stick-meta":"","header-below-stick-meta":"","astra-migrate-meta-layouts":"default","ast-page-background-enabled":"default","ast-page-background-meta":{"desktop":{"background-color":"var(--ast-global-color-4)","background-image":"","background-repeat":"repeat","background-position":"center center","background-size":"auto","background-attachment":"scroll","background-type":"","background-media":"","overlay-type":"","overlay-color":"","overlay-gradient":""},"tablet":{"background-color":"","background-image":"","background-repeat":"repeat","background-position":"center center","background-size":"auto","background-attachment":"scroll","background-type":"","background-media":"","overlay-type":"","overlay-color":"","overlay-gradient":""},"mobile":{"background-color":"","background-image":"","background-repeat":"repeat","background-position":"center center","background-size":"auto","background-attachment":"scroll","background-type":"","background-media":"","overlay-type":"","overlay-color":"","overlay-gradient":""}},"ast-content-background-meta":{"desktop":{"background-color":"var(--ast-global-color-5)","background-image":"","background-repeat":"repeat","background-position":"center center","background-size":"auto","background-attachment":"scroll","background-type":"","background-media":"","overlay-type":"","overlay-color":"","overlay-gradient":""},"tablet":{"background-color":"var(--ast-global-color-5)","background-image":"","background-repeat":"repeat","background-position":"center center","background-size":"auto","background-attachment":"scroll","background-type":"","background-media":"","overlay-type":"","overlay-color":"","overlay-gradient":""},"mobile":{"background-color":"var(--ast-global-color-5)","background-image":"","background-repeat":"repeat","background-position":"center center","background-size":"auto","background-attachment":"scroll","background-type":"","background-media":"","overlay-type":"","overlay-color":"","overlay-gradient":""}},"footnotes":"","_links_to":"","_links_to_target":""},"categories":[14,61],"tags":[],"class_list":["post-2164","post","type-post","status-publish","format-standard","hentry","category-vocacion","category-l"],"yoast_head":"<!-- This site is optimized with the Yoast SEO plugin v26.9 - https:\/\/yoast.com\/product\/yoast-seo-wordpress\/ -->\n<title>La historia m\u00e1s bella - El arpa de No\u00e9<\/title>\n<meta name=\"robots\" content=\"index, follow, max-snippet:-1, max-image-preview:large, max-video-preview:-1\" \/>\n<link rel=\"canonical\" href=\"https:\/\/d2n2.org\/blogs\/Elarpadenoe\/la-historia-mas-bella\/\" \/>\n<meta property=\"og:locale\" content=\"es_ES\" \/>\n<meta property=\"og:type\" content=\"article\" \/>\n<meta property=\"og:title\" content=\"La historia m\u00e1s bella - El arpa de No\u00e9\" \/>\n<meta property=\"og:description\" content=\"La historia m\u00e1s bella Intro: Do Sol lam mim Fa rem7 Do Do Sol lam Esta no es una canci\u00f3n [&hellip;]\" \/>\n<meta property=\"og:url\" content=\"https:\/\/d2n2.org\/blogs\/Elarpadenoe\/la-historia-mas-bella\/\" \/>\n<meta property=\"og:site_name\" content=\"El arpa de No\u00e9\" \/>\n<meta property=\"article:published_time\" content=\"2022-12-17T11:46:57+00:00\" \/>\n<meta name=\"author\" content=\"Arturo de C\u00e1ceres\" \/>\n<meta name=\"twitter:label1\" content=\"Escrito por\" \/>\n\t<meta name=\"twitter:data1\" content=\"Arturo de C\u00e1ceres\" \/>\n\t<meta name=\"twitter:label2\" content=\"Tiempo de lectura\" \/>\n\t<meta name=\"twitter:data2\" content=\"2 minutos\" \/>\n<script type=\"application\/ld+json\" class=\"yoast-schema-graph\">{\"@context\":\"https:\/\/schema.org\",\"@graph\":[{\"@type\":\"Article\",\"@id\":\"https:\/\/d2n2.org\/blogs\/Elarpadenoe\/la-historia-mas-bella\/#article\",\"isPartOf\":{\"@id\":\"https:\/\/d2n2.org\/blogs\/Elarpadenoe\/la-historia-mas-bella\/\"},\"author\":{\"name\":\"Arturo de C\u00e1ceres\",\"@id\":\"https:\/\/d2n2.org\/blogs\/Elarpadenoe\/#\/schema\/person\/f67608cac647351c030ac446487adef7\"},\"headline\":\"La historia m\u00e1s bella\",\"datePublished\":\"2022-12-17T11:46:57+00:00\",\"mainEntityOfPage\":{\"@id\":\"https:\/\/d2n2.org\/blogs\/Elarpadenoe\/la-historia-mas-bella\/\"},\"wordCount\":369,\"commentCount\":0,\"articleSection\":[\"Llamada - Vocaci\u00f3n\",\"L\"],\"inLanguage\":\"es\",\"potentialAction\":[{\"@type\":\"CommentAction\",\"name\":\"Comment\",\"target\":[\"https:\/\/d2n2.org\/blogs\/Elarpadenoe\/la-historia-mas-bella\/#respond\"]}]},{\"@type\":\"WebPage\",\"@id\":\"https:\/\/d2n2.org\/blogs\/Elarpadenoe\/la-historia-mas-bella\/\",\"url\":\"https:\/\/d2n2.org\/blogs\/Elarpadenoe\/la-historia-mas-bella\/\",\"name\":\"La historia m\u00e1s bella - El arpa de No\u00e9\",\"isPartOf\":{\"@id\":\"https:\/\/d2n2.org\/blogs\/Elarpadenoe\/#website\"},\"datePublished\":\"2022-12-17T11:46:57+00:00\",\"author\":{\"@id\":\"https:\/\/d2n2.org\/blogs\/Elarpadenoe\/#\/schema\/person\/f67608cac647351c030ac446487adef7\"},\"breadcrumb\":{\"@id\":\"https:\/\/d2n2.org\/blogs\/Elarpadenoe\/la-historia-mas-bella\/#breadcrumb\"},\"inLanguage\":\"es\",\"potentialAction\":[{\"@type\":\"ReadAction\",\"target\":[\"https:\/\/d2n2.org\/blogs\/Elarpadenoe\/la-historia-mas-bella\/\"]}]},{\"@type\":\"BreadcrumbList\",\"@id\":\"https:\/\/d2n2.org\/blogs\/Elarpadenoe\/la-historia-mas-bella\/#breadcrumb\",\"itemListElement\":[{\"@type\":\"ListItem\",\"position\":1,\"name\":\"Home\",\"item\":\"https:\/\/d2n2.org\/blogs\/Elarpadenoe\/\"},{\"@type\":\"ListItem\",\"position\":2,\"name\":\"La historia m\u00e1s bella\"}]},{\"@type\":\"WebSite\",\"@id\":\"https:\/\/d2n2.org\/blogs\/Elarpadenoe\/#website\",\"url\":\"https:\/\/d2n2.org\/blogs\/Elarpadenoe\/\",\"name\":\"El arpa de No\u00e9\",\"description\":\"\u00a1Salvemos las canciones!\",\"potentialAction\":[{\"@type\":\"SearchAction\",\"target\":{\"@type\":\"EntryPoint\",\"urlTemplate\":\"https:\/\/d2n2.org\/blogs\/Elarpadenoe\/?s={search_term_string}\"},\"query-input\":{\"@type\":\"PropertyValueSpecification\",\"valueRequired\":true,\"valueName\":\"search_term_string\"}}],\"inLanguage\":\"es\"},{\"@type\":\"Person\",\"@id\":\"https:\/\/d2n2.org\/blogs\/Elarpadenoe\/#\/schema\/person\/f67608cac647351c030ac446487adef7\",\"name\":\"Arturo de C\u00e1ceres\",\"image\":{\"@type\":\"ImageObject\",\"inLanguage\":\"es\",\"@id\":\"https:\/\/d2n2.org\/blogs\/Elarpadenoe\/#\/schema\/person\/image\/\",\"url\":\"https:\/\/secure.gravatar.com\/avatar\/17f7ce5ab6b48234b35e3df3e711035a892ad497dfa5c015e2ed965200f2c5a9?s=96&d=mm&r=g\",\"contentUrl\":\"https:\/\/secure.gravatar.com\/avatar\/17f7ce5ab6b48234b35e3df3e711035a892ad497dfa5c015e2ed965200f2c5a9?s=96&d=mm&r=g\",\"caption\":\"Arturo de C\u00e1ceres\"},\"url\":\"https:\/\/d2n2.org\/blogs\/Elarpadenoe\/author\/garturete\/\"}]}<\/script>\n<!-- \/ Yoast SEO plugin. -->","yoast_head_json":{"title":"La historia m\u00e1s bella - El arpa de No\u00e9","robots":{"index":"index","follow":"follow","max-snippet":"max-snippet:-1","max-image-preview":"max-image-preview:large","max-video-preview":"max-video-preview:-1"},"canonical":"https:\/\/d2n2.org\/blogs\/Elarpadenoe\/la-historia-mas-bella\/","og_locale":"es_ES","og_type":"article","og_title":"La historia m\u00e1s bella - El arpa de No\u00e9","og_description":"La historia m\u00e1s bella Intro: Do Sol lam mim Fa rem7 Do Do Sol lam Esta no es una canci\u00f3n [&hellip;]","og_url":"https:\/\/d2n2.org\/blogs\/Elarpadenoe\/la-historia-mas-bella\/","og_site_name":"El arpa de No\u00e9","article_published_time":"2022-12-17T11:46:57+00:00","author":"Arturo de C\u00e1ceres","twitter_misc":{"Escrito por":"Arturo de C\u00e1ceres","Tiempo de lectura":"2 minutos"},"schema":{"@context":"https:\/\/schema.org","@graph":[{"@type":"Article","@id":"https:\/\/d2n2.org\/blogs\/Elarpadenoe\/la-historia-mas-bella\/#article","isPartOf":{"@id":"https:\/\/d2n2.org\/blogs\/Elarpadenoe\/la-historia-mas-bella\/"},"author":{"name":"Arturo de C\u00e1ceres","@id":"https:\/\/d2n2.org\/blogs\/Elarpadenoe\/#\/schema\/person\/f67608cac647351c030ac446487adef7"},"headline":"La historia m\u00e1s bella","datePublished":"2022-12-17T11:46:57+00:00","mainEntityOfPage":{"@id":"https:\/\/d2n2.org\/blogs\/Elarpadenoe\/la-historia-mas-bella\/"},"wordCount":369,"commentCount":0,"articleSection":["Llamada - Vocaci\u00f3n","L"],"inLanguage":"es","potentialAction":[{"@type":"CommentAction","name":"Comment","target":["https:\/\/d2n2.org\/blogs\/Elarpadenoe\/la-historia-mas-bella\/#respond"]}]},{"@type":"WebPage","@id":"https:\/\/d2n2.org\/blogs\/Elarpadenoe\/la-historia-mas-bella\/","url":"https:\/\/d2n2.org\/blogs\/Elarpadenoe\/la-historia-mas-bella\/","name":"La historia m\u00e1s bella - El arpa de No\u00e9","isPartOf":{"@id":"https:\/\/d2n2.org\/blogs\/Elarpadenoe\/#website"},"datePublished":"2022-12-17T11:46:57+00:00","author":{"@id":"https:\/\/d2n2.org\/blogs\/Elarpadenoe\/#\/schema\/person\/f67608cac647351c030ac446487adef7"},"breadcrumb":{"@id":"https:\/\/d2n2.org\/blogs\/Elarpadenoe\/la-historia-mas-bella\/#breadcrumb"},"inLanguage":"es","potentialAction":[{"@type":"ReadAction","target":["https:\/\/d2n2.org\/blogs\/Elarpadenoe\/la-historia-mas-bella\/"]}]},{"@type":"BreadcrumbList","@id":"https:\/\/d2n2.org\/blogs\/Elarpadenoe\/la-historia-mas-bella\/#breadcrumb","itemListElement":[{"@type":"ListItem","position":1,"name":"Home","item":"https:\/\/d2n2.org\/blogs\/Elarpadenoe\/"},{"@type":"ListItem","position":2,"name":"La historia m\u00e1s bella"}]},{"@type":"WebSite","@id":"https:\/\/d2n2.org\/blogs\/Elarpadenoe\/#website","url":"https:\/\/d2n2.org\/blogs\/Elarpadenoe\/","name":"El arpa de No\u00e9","description":"\u00a1Salvemos las canciones!","potentialAction":[{"@type":"SearchAction","target":{"@type":"EntryPoint","urlTemplate":"https:\/\/d2n2.org\/blogs\/Elarpadenoe\/?s={search_term_string}"},"query-input":{"@type":"PropertyValueSpecification","valueRequired":true,"valueName":"search_term_string"}}],"inLanguage":"es"},{"@type":"Person","@id":"https:\/\/d2n2.org\/blogs\/Elarpadenoe\/#\/schema\/person\/f67608cac647351c030ac446487adef7","name":"Arturo de C\u00e1ceres","image":{"@type":"ImageObject","inLanguage":"es","@id":"https:\/\/d2n2.org\/blogs\/Elarpadenoe\/#\/schema\/person\/image\/","url":"https:\/\/secure.gravatar.com\/avatar\/17f7ce5ab6b48234b35e3df3e711035a892ad497dfa5c015e2ed965200f2c5a9?s=96&d=mm&r=g","contentUrl":"https:\/\/secure.gravatar.com\/avatar\/17f7ce5ab6b48234b35e3df3e711035a892ad497dfa5c015e2ed965200f2c5a9?s=96&d=mm&r=g","caption":"Arturo de C\u00e1ceres"},"url":"https:\/\/d2n2.org\/blogs\/Elarpadenoe\/author\/garturete\/"}]}},"_links":{"self":[{"href":"https:\/\/d2n2.org\/blogs\/Elarpadenoe\/wp-json\/wp\/v2\/posts\/2164","targetHints":{"allow":["GET"]}}],"collection":[{"href":"https:\/\/d2n2.org\/blogs\/Elarpadenoe\/wp-json\/wp\/v2\/posts"}],"about":[{"href":"https:\/\/d2n2.org\/blogs\/Elarpadenoe\/wp-json\/wp\/v2\/types\/post"}],"author":[{"embeddable":true,"href":"https:\/\/d2n2.org\/blogs\/Elarpadenoe\/wp-json\/wp\/v2\/users\/4"}],"replies":[{"embeddable":true,"href":"https:\/\/d2n2.org\/blogs\/Elarpadenoe\/wp-json\/wp\/v2\/comments?post=2164"}],"version-history":[{"count":1,"href":"https:\/\/d2n2.org\/blogs\/Elarpadenoe\/wp-json\/wp\/v2\/posts\/2164\/revisions"}],"predecessor-version":[{"id":2166,"href":"https:\/\/d2n2.org\/blogs\/Elarpadenoe\/wp-json\/wp\/v2\/posts\/2164\/revisions\/2166"}],"wp:attachment":[{"href":"https:\/\/d2n2.org\/blogs\/Elarpadenoe\/wp-json\/wp\/v2\/media?parent=2164"}],"wp:term":[{"taxonomy":"category","embeddable":true,"href":"https:\/\/d2n2.org\/blogs\/Elarpadenoe\/wp-json\/wp\/v2\/categories?post=2164"},{"taxonomy":"post_tag","embeddable":true,"href":"https:\/\/d2n2.org\/blogs\/Elarpadenoe\/wp-json\/wp\/v2\/tags?post=2164"}],"curies":[{"name":"wp","href":"https:\/\/api.w.org\/{rel}","templated":true}]}}