{"id":1999,"date":"2020-10-25T10:54:31","date_gmt":"2020-10-25T10:54:31","guid":{"rendered":"https:\/\/d2n2.org\/blogs\/Elarpadenoe\/?p=1999"},"modified":"2020-10-16T08:58:38","modified_gmt":"2020-10-16T08:58:38","slug":"este-dia-actuo-senor-salmo-117","status":"publish","type":"post","link":"https:\/\/d2n2.org\/blogs\/Elarpadenoe\/este-dia-actuo-senor-salmo-117\/","title":{"rendered":"Este es el d\u00eda en que actu\u00f3 el Se\u00f1or (Salmo 117)"},"content":{"rendered":"<span id=\"post-ratings-1999\" class=\"post-ratings\" data-nonce=\"76e73bd838\"><img decoding=\"async\" id=\"rating_1999_1\" src=\"https:\/\/d2n2.org\/blogs\/Elarpadenoe\/wp-content\/plugins\/wp-postratings\/images\/heart\/rating_1_on.gif\" alt=\"Me gusta\" title=\"Me gusta\" onmouseover=\"current_rating(1999, 1, 'Me gusta');\" onmouseout=\"ratings_off(1, 0, 0);\" onclick=\"rate_post();\" onkeypress=\"rate_post();\" style=\"cursor: pointer; border: 0px;\" \/> (<strong>4<\/strong> votos, promedio: <strong>1,00<\/strong> de 1)<br \/><span class=\"post-ratings-text\" id=\"ratings_1999_text\"><\/span><\/span><span id=\"post-ratings-1999-loading\" class=\"post-ratings-loading\"><img decoding=\"async\" src=\"https:\/\/d2n2.org\/blogs\/Elarpadenoe\/wp-content\/plugins\/wp-postratings\/images\/loading.gif\" width=\"16\" height=\"16\" class=\"post-ratings-image\" \/>Cargando...<\/span>\n<audio class=\"wp-audio-shortcode\" id=\"audio-1999-1\" preload=\"none\" style=\"width: 100%;\" controls=\"controls\"><source type=\"audio\/mpeg\" src=\"https:\/\/d2n2.org\/blogs\/Elarpadenoe\/wp-content\/uploads\/2020\/10\/Este-es-el-d\u00eda-en-que-actu\u00f3-el-Se\u00f1or-Salmo-117.mp3?_=1\" \/><a href=\"https:\/\/d2n2.org\/blogs\/Elarpadenoe\/wp-content\/uploads\/2020\/10\/Este-es-el-d\u00eda-en-que-actu\u00f3-el-Se\u00f1or-Salmo-117.mp3\">https:\/\/d2n2.org\/blogs\/Elarpadenoe\/wp-content\/uploads\/2020\/10\/Este-es-el-d\u00eda-en-que-actu\u00f3-el-Se\u00f1or-Salmo-117.mp3<\/a><\/audio>\n<p><a href=\"https:\/\/d2n2.org\/blogs\/Elarpadenoe\/wp-content\/uploads\/2020\/10\/Este-es-el-d\u00eda-en-que-actu\u00f3-el-Se\u00f1or-Salmo-117.mp3\">Este es el d\u00eda en que actu\u00f3 el Se\u00f1or (Salmo 117)<\/a><\/p>\n<p>Do                 mim                          Fa          Do<br \/>\nESTE ES EL D\u00cdA EN QUE ACTU\u00d3 EL SE\u00d1OR,<br \/>\nrem     Sol                  Do                          Sol7<br \/>\nSEA NUESTRA ALEGR\u00cdA Y NUESTRO GOZO,<br \/>\n        Do                       Fa    lam                   Sol   mim<br \/>\nDAD GRACIAS AL SE\u00d1OR PORQUE ES BUENO,<br \/>\nDo                    Fa  Do  rem     Sol  Do<br \/>\nPORQUE ES ETERNA SU MISERICORDIA.<br \/>\nlam     Re Sol rem Sol Do<br \/>\n\u00a1ALELUYA, ALELUYA!.<\/p>\n<p>    Do                              Sol     Do<br \/>\nQue lo diga la casa de Israel:<br \/>\n        mim      lam       Re Sol   +7<br \/>\nes eterna su misericordia,<br \/>\n            Do       +7                FA   fa<br \/>\nque lo diga la casa de Aar\u00f3n:<br \/>\n       Do     rem       Sol Do     Sol7<br \/>\nes eterna su misericordia,<br \/>\n            Do            mim      Re     Sol<br \/>\nque lo digan los fieles del Se\u00f1or:<br \/>\n       Do     rem      Sol Do       Sol7<br \/>\nes eterna su misericordia.<\/p>\n<p>Escuchad, hay cantos de victoria<br \/>\nen las tiendas de los justos,<br \/>\nla diestra del Se\u00f1or es poderosa,<br \/>\nes excelsa la diestra del Se\u00f1or,<br \/>\nla diestra del Se\u00f1or es poderosa,<br \/>\nes excelsa la diestra del Se\u00f1or.<\/p>\n<p>Abridme las puertas del triunfo<br \/>\ny entrar\u00e9 para dar gracias al Se\u00f1or,<br \/>\nesta es la puerta del Se\u00f1or,<br \/>\nlos vencedores entrar\u00e1n por ella.<br \/>\nYo no he de morir, yo vivir\u00e9<br \/>\npara contar las haza\u00f1as del Se\u00f1or.<\/p>\n<p>La piedra que el cantero desech\u00f3<br \/>\nes ahora la piedra angular.<br \/>\nEs el Se\u00f1or quien lo ha hecho<br \/>\nesto ha sido un milagro patente.<br \/>\nTe doy gracias porque me escuchaste,<br \/>\nporque fuiste mi salvaci\u00f3n.<\/p>\n","protected":false},"excerpt":{"rendered":"<p>Este es el d\u00eda en que actu\u00f3 el Se\u00f1or (Salmo 117) Do mim Fa Do ESTE ES EL D\u00cdA EN [&hellip;]<\/p>\n","protected":false},"author":4,"featured_media":0,"comment_status":"open","ping_status":"open","sticky":false,"template":"","format":"standard","meta":{"_monsterinsights_skip_tracking":false,"_monsterinsights_sitenote_active":false,"_monsterinsights_sitenote_note":"","_monsterinsights_sitenote_category":0,"site-sidebar-layout":"default","site-content-layout":"","ast-site-content-layout":"","site-content-style":"default","site-sidebar-style":"default","ast-global-header-display":"","ast-banner-title-visibility":"","ast-main-header-display":"","ast-hfb-above-header-display":"","ast-hfb-below-header-display":"","ast-hfb-mobile-header-display":"","site-post-title":"","ast-breadcrumbs-content":"","ast-featured-img":"","footer-sml-layout":"","theme-transparent-header-meta":"","adv-header-id-meta":"","stick-header-meta":"","header-above-stick-meta":"","header-main-stick-meta":"","header-below-stick-meta":"","astra-migrate-meta-layouts":"default","ast-page-background-enabled":"default","ast-page-background-meta":{"desktop":{"background-color":"var(--ast-global-color-4)","background-image":"","background-repeat":"repeat","background-position":"center center","background-size":"auto","background-attachment":"scroll","background-type":"","background-media":"","overlay-type":"","overlay-color":"","overlay-gradient":""},"tablet":{"background-color":"","background-image":"","background-repeat":"repeat","background-position":"center center","background-size":"auto","background-attachment":"scroll","background-type":"","background-media":"","overlay-type":"","overlay-color":"","overlay-gradient":""},"mobile":{"background-color":"","background-image":"","background-repeat":"repeat","background-position":"center center","background-size":"auto","background-attachment":"scroll","background-type":"","background-media":"","overlay-type":"","overlay-color":"","overlay-gradient":""}},"ast-content-background-meta":{"desktop":{"background-color":"var(--ast-global-color-5)","background-image":"","background-repeat":"repeat","background-position":"center center","background-size":"auto","background-attachment":"scroll","background-type":"","background-media":"","overlay-type":"","overlay-color":"","overlay-gradient":""},"tablet":{"background-color":"var(--ast-global-color-5)","background-image":"","background-repeat":"repeat","background-position":"center center","background-size":"auto","background-attachment":"scroll","background-type":"","background-media":"","overlay-type":"","overlay-color":"","overlay-gradient":""},"mobile":{"background-color":"var(--ast-global-color-5)","background-image":"","background-repeat":"repeat","background-position":"center center","background-size":"auto","background-attachment":"scroll","background-type":"","background-media":"","overlay-type":"","overlay-color":"","overlay-gradient":""}},"footnotes":"","_links_to":"","_links_to_target":""},"categories":[5,70,47],"tags":[],"class_list":["post-1999","post","type-post","status-publish","format-standard","hentry","category-biblia","category-cantos-con-organo","category-e"],"yoast_head":"<!-- This site is optimized with the Yoast SEO plugin v26.9 - https:\/\/yoast.com\/product\/yoast-seo-wordpress\/ -->\n<title>Este es el d\u00eda en que actu\u00f3 el Se\u00f1or (Salmo 117) - El arpa de No\u00e9<\/title>\n<meta name=\"robots\" content=\"index, follow, max-snippet:-1, max-image-preview:large, max-video-preview:-1\" \/>\n<link rel=\"canonical\" href=\"https:\/\/d2n2.org\/blogs\/Elarpadenoe\/este-dia-actuo-senor-salmo-117\/\" \/>\n<meta property=\"og:locale\" content=\"es_ES\" \/>\n<meta property=\"og:type\" content=\"article\" \/>\n<meta property=\"og:title\" content=\"Este es el d\u00eda en que actu\u00f3 el Se\u00f1or (Salmo 117) - El arpa de No\u00e9\" \/>\n<meta property=\"og:description\" content=\"Este es el d\u00eda en que actu\u00f3 el Se\u00f1or (Salmo 117) Do mim Fa Do ESTE ES EL D\u00cdA EN [&hellip;]\" \/>\n<meta property=\"og:url\" content=\"https:\/\/d2n2.org\/blogs\/Elarpadenoe\/este-dia-actuo-senor-salmo-117\/\" \/>\n<meta property=\"og:site_name\" content=\"El arpa de No\u00e9\" \/>\n<meta property=\"article:published_time\" content=\"2020-10-25T10:54:31+00:00\" \/>\n<meta name=\"author\" content=\"Arturo de C\u00e1ceres\" \/>\n<meta name=\"twitter:label1\" content=\"Escrito por\" \/>\n\t<meta name=\"twitter:data1\" content=\"Arturo de C\u00e1ceres\" \/>\n\t<meta name=\"twitter:label2\" content=\"Tiempo de lectura\" \/>\n\t<meta name=\"twitter:data2\" content=\"1 minuto\" \/>\n<script type=\"application\/ld+json\" class=\"yoast-schema-graph\">{\"@context\":\"https:\/\/schema.org\",\"@graph\":[{\"@type\":\"Article\",\"@id\":\"https:\/\/d2n2.org\/blogs\/Elarpadenoe\/este-dia-actuo-senor-salmo-117\/#article\",\"isPartOf\":{\"@id\":\"https:\/\/d2n2.org\/blogs\/Elarpadenoe\/este-dia-actuo-senor-salmo-117\/\"},\"author\":{\"name\":\"Arturo de C\u00e1ceres\",\"@id\":\"https:\/\/d2n2.org\/blogs\/Elarpadenoe\/#\/schema\/person\/f67608cac647351c030ac446487adef7\"},\"headline\":\"Este es el d\u00eda en que actu\u00f3 el Se\u00f1or (Salmo 117)\",\"datePublished\":\"2020-10-25T10:54:31+00:00\",\"mainEntityOfPage\":{\"@id\":\"https:\/\/d2n2.org\/blogs\/Elarpadenoe\/este-dia-actuo-senor-salmo-117\/\"},\"wordCount\":274,\"commentCount\":0,\"articleSection\":[\"Biblia\",\"Cantos con \u00f3rgano\",\"E\"],\"inLanguage\":\"es\",\"potentialAction\":[{\"@type\":\"CommentAction\",\"name\":\"Comment\",\"target\":[\"https:\/\/d2n2.org\/blogs\/Elarpadenoe\/este-dia-actuo-senor-salmo-117\/#respond\"]}]},{\"@type\":\"WebPage\",\"@id\":\"https:\/\/d2n2.org\/blogs\/Elarpadenoe\/este-dia-actuo-senor-salmo-117\/\",\"url\":\"https:\/\/d2n2.org\/blogs\/Elarpadenoe\/este-dia-actuo-senor-salmo-117\/\",\"name\":\"Este es el d\u00eda en que actu\u00f3 el Se\u00f1or (Salmo 117) - El arpa de No\u00e9\",\"isPartOf\":{\"@id\":\"https:\/\/d2n2.org\/blogs\/Elarpadenoe\/#website\"},\"datePublished\":\"2020-10-25T10:54:31+00:00\",\"author\":{\"@id\":\"https:\/\/d2n2.org\/blogs\/Elarpadenoe\/#\/schema\/person\/f67608cac647351c030ac446487adef7\"},\"breadcrumb\":{\"@id\":\"https:\/\/d2n2.org\/blogs\/Elarpadenoe\/este-dia-actuo-senor-salmo-117\/#breadcrumb\"},\"inLanguage\":\"es\",\"potentialAction\":[{\"@type\":\"ReadAction\",\"target\":[\"https:\/\/d2n2.org\/blogs\/Elarpadenoe\/este-dia-actuo-senor-salmo-117\/\"]}]},{\"@type\":\"BreadcrumbList\",\"@id\":\"https:\/\/d2n2.org\/blogs\/Elarpadenoe\/este-dia-actuo-senor-salmo-117\/#breadcrumb\",\"itemListElement\":[{\"@type\":\"ListItem\",\"position\":1,\"name\":\"Home\",\"item\":\"https:\/\/d2n2.org\/blogs\/Elarpadenoe\/\"},{\"@type\":\"ListItem\",\"position\":2,\"name\":\"Este es el d\u00eda en que actu\u00f3 el Se\u00f1or (Salmo 117)\"}]},{\"@type\":\"WebSite\",\"@id\":\"https:\/\/d2n2.org\/blogs\/Elarpadenoe\/#website\",\"url\":\"https:\/\/d2n2.org\/blogs\/Elarpadenoe\/\",\"name\":\"El arpa de No\u00e9\",\"description\":\"\u00a1Salvemos las canciones!\",\"potentialAction\":[{\"@type\":\"SearchAction\",\"target\":{\"@type\":\"EntryPoint\",\"urlTemplate\":\"https:\/\/d2n2.org\/blogs\/Elarpadenoe\/?s={search_term_string}\"},\"query-input\":{\"@type\":\"PropertyValueSpecification\",\"valueRequired\":true,\"valueName\":\"search_term_string\"}}],\"inLanguage\":\"es\"},{\"@type\":\"Person\",\"@id\":\"https:\/\/d2n2.org\/blogs\/Elarpadenoe\/#\/schema\/person\/f67608cac647351c030ac446487adef7\",\"name\":\"Arturo de C\u00e1ceres\",\"image\":{\"@type\":\"ImageObject\",\"inLanguage\":\"es\",\"@id\":\"https:\/\/d2n2.org\/blogs\/Elarpadenoe\/#\/schema\/person\/image\/\",\"url\":\"https:\/\/secure.gravatar.com\/avatar\/17f7ce5ab6b48234b35e3df3e711035a892ad497dfa5c015e2ed965200f2c5a9?s=96&d=mm&r=g\",\"contentUrl\":\"https:\/\/secure.gravatar.com\/avatar\/17f7ce5ab6b48234b35e3df3e711035a892ad497dfa5c015e2ed965200f2c5a9?s=96&d=mm&r=g\",\"caption\":\"Arturo de C\u00e1ceres\"},\"url\":\"https:\/\/d2n2.org\/blogs\/Elarpadenoe\/author\/garturete\/\"}]}<\/script>\n<!-- \/ Yoast SEO plugin. -->","yoast_head_json":{"title":"Este es el d\u00eda en que actu\u00f3 el Se\u00f1or (Salmo 117) - El arpa de No\u00e9","robots":{"index":"index","follow":"follow","max-snippet":"max-snippet:-1","max-image-preview":"max-image-preview:large","max-video-preview":"max-video-preview:-1"},"canonical":"https:\/\/d2n2.org\/blogs\/Elarpadenoe\/este-dia-actuo-senor-salmo-117\/","og_locale":"es_ES","og_type":"article","og_title":"Este es el d\u00eda en que actu\u00f3 el Se\u00f1or (Salmo 117) - El arpa de No\u00e9","og_description":"Este es el d\u00eda en que actu\u00f3 el Se\u00f1or (Salmo 117) Do mim Fa Do ESTE ES EL D\u00cdA EN [&hellip;]","og_url":"https:\/\/d2n2.org\/blogs\/Elarpadenoe\/este-dia-actuo-senor-salmo-117\/","og_site_name":"El arpa de No\u00e9","article_published_time":"2020-10-25T10:54:31+00:00","author":"Arturo de C\u00e1ceres","twitter_misc":{"Escrito por":"Arturo de C\u00e1ceres","Tiempo de lectura":"1 minuto"},"schema":{"@context":"https:\/\/schema.org","@graph":[{"@type":"Article","@id":"https:\/\/d2n2.org\/blogs\/Elarpadenoe\/este-dia-actuo-senor-salmo-117\/#article","isPartOf":{"@id":"https:\/\/d2n2.org\/blogs\/Elarpadenoe\/este-dia-actuo-senor-salmo-117\/"},"author":{"name":"Arturo de C\u00e1ceres","@id":"https:\/\/d2n2.org\/blogs\/Elarpadenoe\/#\/schema\/person\/f67608cac647351c030ac446487adef7"},"headline":"Este es el d\u00eda en que actu\u00f3 el Se\u00f1or (Salmo 117)","datePublished":"2020-10-25T10:54:31+00:00","mainEntityOfPage":{"@id":"https:\/\/d2n2.org\/blogs\/Elarpadenoe\/este-dia-actuo-senor-salmo-117\/"},"wordCount":274,"commentCount":0,"articleSection":["Biblia","Cantos con \u00f3rgano","E"],"inLanguage":"es","potentialAction":[{"@type":"CommentAction","name":"Comment","target":["https:\/\/d2n2.org\/blogs\/Elarpadenoe\/este-dia-actuo-senor-salmo-117\/#respond"]}]},{"@type":"WebPage","@id":"https:\/\/d2n2.org\/blogs\/Elarpadenoe\/este-dia-actuo-senor-salmo-117\/","url":"https:\/\/d2n2.org\/blogs\/Elarpadenoe\/este-dia-actuo-senor-salmo-117\/","name":"Este es el d\u00eda en que actu\u00f3 el Se\u00f1or (Salmo 117) - El arpa de No\u00e9","isPartOf":{"@id":"https:\/\/d2n2.org\/blogs\/Elarpadenoe\/#website"},"datePublished":"2020-10-25T10:54:31+00:00","author":{"@id":"https:\/\/d2n2.org\/blogs\/Elarpadenoe\/#\/schema\/person\/f67608cac647351c030ac446487adef7"},"breadcrumb":{"@id":"https:\/\/d2n2.org\/blogs\/Elarpadenoe\/este-dia-actuo-senor-salmo-117\/#breadcrumb"},"inLanguage":"es","potentialAction":[{"@type":"ReadAction","target":["https:\/\/d2n2.org\/blogs\/Elarpadenoe\/este-dia-actuo-senor-salmo-117\/"]}]},{"@type":"BreadcrumbList","@id":"https:\/\/d2n2.org\/blogs\/Elarpadenoe\/este-dia-actuo-senor-salmo-117\/#breadcrumb","itemListElement":[{"@type":"ListItem","position":1,"name":"Home","item":"https:\/\/d2n2.org\/blogs\/Elarpadenoe\/"},{"@type":"ListItem","position":2,"name":"Este es el d\u00eda en que actu\u00f3 el Se\u00f1or (Salmo 117)"}]},{"@type":"WebSite","@id":"https:\/\/d2n2.org\/blogs\/Elarpadenoe\/#website","url":"https:\/\/d2n2.org\/blogs\/Elarpadenoe\/","name":"El arpa de No\u00e9","description":"\u00a1Salvemos las canciones!","potentialAction":[{"@type":"SearchAction","target":{"@type":"EntryPoint","urlTemplate":"https:\/\/d2n2.org\/blogs\/Elarpadenoe\/?s={search_term_string}"},"query-input":{"@type":"PropertyValueSpecification","valueRequired":true,"valueName":"search_term_string"}}],"inLanguage":"es"},{"@type":"Person","@id":"https:\/\/d2n2.org\/blogs\/Elarpadenoe\/#\/schema\/person\/f67608cac647351c030ac446487adef7","name":"Arturo de C\u00e1ceres","image":{"@type":"ImageObject","inLanguage":"es","@id":"https:\/\/d2n2.org\/blogs\/Elarpadenoe\/#\/schema\/person\/image\/","url":"https:\/\/secure.gravatar.com\/avatar\/17f7ce5ab6b48234b35e3df3e711035a892ad497dfa5c015e2ed965200f2c5a9?s=96&d=mm&r=g","contentUrl":"https:\/\/secure.gravatar.com\/avatar\/17f7ce5ab6b48234b35e3df3e711035a892ad497dfa5c015e2ed965200f2c5a9?s=96&d=mm&r=g","caption":"Arturo de C\u00e1ceres"},"url":"https:\/\/d2n2.org\/blogs\/Elarpadenoe\/author\/garturete\/"}]}},"_links":{"self":[{"href":"https:\/\/d2n2.org\/blogs\/Elarpadenoe\/wp-json\/wp\/v2\/posts\/1999","targetHints":{"allow":["GET"]}}],"collection":[{"href":"https:\/\/d2n2.org\/blogs\/Elarpadenoe\/wp-json\/wp\/v2\/posts"}],"about":[{"href":"https:\/\/d2n2.org\/blogs\/Elarpadenoe\/wp-json\/wp\/v2\/types\/post"}],"author":[{"embeddable":true,"href":"https:\/\/d2n2.org\/blogs\/Elarpadenoe\/wp-json\/wp\/v2\/users\/4"}],"replies":[{"embeddable":true,"href":"https:\/\/d2n2.org\/blogs\/Elarpadenoe\/wp-json\/wp\/v2\/comments?post=1999"}],"version-history":[{"count":1,"href":"https:\/\/d2n2.org\/blogs\/Elarpadenoe\/wp-json\/wp\/v2\/posts\/1999\/revisions"}],"predecessor-version":[{"id":2001,"href":"https:\/\/d2n2.org\/blogs\/Elarpadenoe\/wp-json\/wp\/v2\/posts\/1999\/revisions\/2001"}],"wp:attachment":[{"href":"https:\/\/d2n2.org\/blogs\/Elarpadenoe\/wp-json\/wp\/v2\/media?parent=1999"}],"wp:term":[{"taxonomy":"category","embeddable":true,"href":"https:\/\/d2n2.org\/blogs\/Elarpadenoe\/wp-json\/wp\/v2\/categories?post=1999"},{"taxonomy":"post_tag","embeddable":true,"href":"https:\/\/d2n2.org\/blogs\/Elarpadenoe\/wp-json\/wp\/v2\/tags?post=1999"}],"curies":[{"name":"wp","href":"https:\/\/api.w.org\/{rel}","templated":true}]}}