{"id":1452,"date":"2019-02-24T10:19:10","date_gmt":"2019-02-24T10:19:10","guid":{"rendered":"http:\/\/d2n2.org\/blogs\/Elarpadenoe\/?p=1452"},"modified":"2019-02-18T10:28:21","modified_gmt":"2019-02-18T10:28:21","slug":"salmo-la-comunidad-salmo-132","status":"publish","type":"post","link":"https:\/\/d2n2.org\/blogs\/Elarpadenoe\/salmo-la-comunidad-salmo-132\/","title":{"rendered":"Salmo de la Comunidad (Salmo 132)"},"content":{"rendered":"<span id=\"post-ratings-1452\" class=\"post-ratings\" data-nonce=\"fdcfcac40b\"><img decoding=\"async\" id=\"rating_1452_1\" src=\"https:\/\/d2n2.org\/blogs\/Elarpadenoe\/wp-content\/plugins\/wp-postratings\/images\/heart\/rating_1_on.gif\" alt=\"Me gusta\" title=\"Me gusta\" onmouseover=\"current_rating(1452, 1, 'Me gusta');\" onmouseout=\"ratings_off(1, 0, 0);\" onclick=\"rate_post();\" onkeypress=\"rate_post();\" style=\"cursor: pointer; border: 0px;\" \/> (<strong>1<\/strong> votos, promedio: <strong>1,00<\/strong> de 1)<br \/><span class=\"post-ratings-text\" id=\"ratings_1452_text\"><\/span><\/span><span id=\"post-ratings-1452-loading\" class=\"post-ratings-loading\"><img decoding=\"async\" src=\"https:\/\/d2n2.org\/blogs\/Elarpadenoe\/wp-content\/plugins\/wp-postratings\/images\/loading.gif\" width=\"16\" height=\"16\" class=\"post-ratings-image\" \/>Cargando...<\/span>\n<audio class=\"wp-audio-shortcode\" id=\"audio-1452-1\" preload=\"none\" style=\"width: 100%;\" controls=\"controls\"><source type=\"audio\/mpeg\" src=\"http:\/\/d2n2.org\/blogs\/Elarpadenoe\/wp-content\/uploads\/2019\/02\/Salmo-de-la-Comunidad.mp3?_=1\" \/><a href=\"http:\/\/d2n2.org\/blogs\/Elarpadenoe\/wp-content\/uploads\/2019\/02\/Salmo-de-la-Comunidad.mp3\">http:\/\/d2n2.org\/blogs\/Elarpadenoe\/wp-content\/uploads\/2019\/02\/Salmo-de-la-Comunidad.mp3<\/a><\/audio>\n<p><a href=\"http:\/\/d2n2.org\/blogs\/Elarpadenoe\/wp-content\/uploads\/2019\/02\/Salmo-de-la-Comunidad.mp3\">Salmo de la Comunidad (Salmo 132)<\/a><\/p>\n<p>lam      rem<br \/>\nEN EL NOMBRE DEL SE\u00d1OR<br \/>\nMi          lam<br \/>\nNOS HEMOS REUNIDO (BIS)<\/p>\n<p>Do  Fa  Sol Do                        Mi   -7<br \/>\nVed qu\u00e9 gozo que los hermanos se quieran (BIS)<\/p>\n<p>\u00a1Qu\u00e9 hermoso es vivir unidos los hermanos! (BIS)<\/p>\n<p>Cristo siempre est\u00e1 en medio de nosotros (BIS)<\/p>\n<p>\u00c9l es el perd\u00f3n, y olvida nuestras culpas (BIS)<\/p>\n","protected":false},"excerpt":{"rendered":"<p>Salmo de la Comunidad (Salmo 132) lam rem EN EL NOMBRE DEL SE\u00d1OR Mi lam NOS HEMOS REUNIDO (BIS) Do [&hellip;]<\/p>\n","protected":false},"author":4,"featured_media":0,"comment_status":"open","ping_status":"open","sticky":false,"template":"","format":"standard","meta":{"_monsterinsights_skip_tracking":false,"_monsterinsights_sitenote_active":false,"_monsterinsights_sitenote_note":"","_monsterinsights_sitenote_category":0,"site-sidebar-layout":"default","site-content-layout":"","ast-site-content-layout":"","site-content-style":"default","site-sidebar-style":"default","ast-global-header-display":"","ast-banner-title-visibility":"","ast-main-header-display":"","ast-hfb-above-header-display":"","ast-hfb-below-header-display":"","ast-hfb-mobile-header-display":"","site-post-title":"","ast-breadcrumbs-content":"","ast-featured-img":"","footer-sml-layout":"","theme-transparent-header-meta":"","adv-header-id-meta":"","stick-header-meta":"","header-above-stick-meta":"","header-main-stick-meta":"","header-below-stick-meta":"","astra-migrate-meta-layouts":"default","ast-page-background-enabled":"default","ast-page-background-meta":{"desktop":{"background-color":"var(--ast-global-color-4)","background-image":"","background-repeat":"repeat","background-position":"center center","background-size":"auto","background-attachment":"scroll","background-type":"","background-media":"","overlay-type":"","overlay-color":"","overlay-gradient":""},"tablet":{"background-color":"","background-image":"","background-repeat":"repeat","background-position":"center center","background-size":"auto","background-attachment":"scroll","background-type":"","background-media":"","overlay-type":"","overlay-color":"","overlay-gradient":""},"mobile":{"background-color":"","background-image":"","background-repeat":"repeat","background-position":"center center","background-size":"auto","background-attachment":"scroll","background-type":"","background-media":"","overlay-type":"","overlay-color":"","overlay-gradient":""}},"ast-content-background-meta":{"desktop":{"background-color":"var(--ast-global-color-5)","background-image":"","background-repeat":"repeat","background-position":"center center","background-size":"auto","background-attachment":"scroll","background-type":"","background-media":"","overlay-type":"","overlay-color":"","overlay-gradient":""},"tablet":{"background-color":"var(--ast-global-color-5)","background-image":"","background-repeat":"repeat","background-position":"center center","background-size":"auto","background-attachment":"scroll","background-type":"","background-media":"","overlay-type":"","overlay-color":"","overlay-gradient":""},"mobile":{"background-color":"var(--ast-global-color-5)","background-image":"","background-repeat":"repeat","background-position":"center center","background-size":"auto","background-attachment":"scroll","background-type":"","background-media":"","overlay-type":"","overlay-color":"","overlay-gradient":""}},"footnotes":"","_links_to":"","_links_to_target":""},"categories":[5,48],"tags":[],"class_list":["post-1452","post","type-post","status-publish","format-standard","hentry","category-biblia","category-s"],"yoast_head":"<!-- This site is optimized with the Yoast SEO plugin v26.9 - https:\/\/yoast.com\/product\/yoast-seo-wordpress\/ -->\n<title>Salmo de la Comunidad (Salmo 132) - El arpa de No\u00e9<\/title>\n<meta name=\"robots\" content=\"index, follow, max-snippet:-1, max-image-preview:large, max-video-preview:-1\" \/>\n<link rel=\"canonical\" href=\"https:\/\/d2n2.org\/blogs\/Elarpadenoe\/salmo-la-comunidad-salmo-132\/\" \/>\n<meta property=\"og:locale\" content=\"es_ES\" \/>\n<meta property=\"og:type\" content=\"article\" \/>\n<meta property=\"og:title\" content=\"Salmo de la Comunidad (Salmo 132) - El arpa de No\u00e9\" \/>\n<meta property=\"og:description\" content=\"Salmo de la Comunidad (Salmo 132) lam rem EN EL NOMBRE DEL SE\u00d1OR Mi lam NOS HEMOS REUNIDO (BIS) Do [&hellip;]\" \/>\n<meta property=\"og:url\" content=\"https:\/\/d2n2.org\/blogs\/Elarpadenoe\/salmo-la-comunidad-salmo-132\/\" \/>\n<meta property=\"og:site_name\" content=\"El arpa de No\u00e9\" \/>\n<meta property=\"article:published_time\" content=\"2019-02-24T10:19:10+00:00\" \/>\n<meta name=\"author\" content=\"Arturo de C\u00e1ceres\" \/>\n<meta name=\"twitter:label1\" content=\"Escrito por\" \/>\n\t<meta name=\"twitter:data1\" content=\"Arturo de C\u00e1ceres\" \/>\n<script type=\"application\/ld+json\" class=\"yoast-schema-graph\">{\"@context\":\"https:\/\/schema.org\",\"@graph\":[{\"@type\":\"Article\",\"@id\":\"https:\/\/d2n2.org\/blogs\/Elarpadenoe\/salmo-la-comunidad-salmo-132\/#article\",\"isPartOf\":{\"@id\":\"https:\/\/d2n2.org\/blogs\/Elarpadenoe\/salmo-la-comunidad-salmo-132\/\"},\"author\":{\"name\":\"Arturo de C\u00e1ceres\",\"@id\":\"https:\/\/d2n2.org\/blogs\/Elarpadenoe\/#\/schema\/person\/f67608cac647351c030ac446487adef7\"},\"headline\":\"Salmo de la Comunidad (Salmo 132)\",\"datePublished\":\"2019-02-24T10:19:10+00:00\",\"mainEntityOfPage\":{\"@id\":\"https:\/\/d2n2.org\/blogs\/Elarpadenoe\/salmo-la-comunidad-salmo-132\/\"},\"wordCount\":79,\"commentCount\":0,\"articleSection\":[\"Biblia\",\"S\"],\"inLanguage\":\"es\",\"potentialAction\":[{\"@type\":\"CommentAction\",\"name\":\"Comment\",\"target\":[\"https:\/\/d2n2.org\/blogs\/Elarpadenoe\/salmo-la-comunidad-salmo-132\/#respond\"]}]},{\"@type\":\"WebPage\",\"@id\":\"https:\/\/d2n2.org\/blogs\/Elarpadenoe\/salmo-la-comunidad-salmo-132\/\",\"url\":\"https:\/\/d2n2.org\/blogs\/Elarpadenoe\/salmo-la-comunidad-salmo-132\/\",\"name\":\"Salmo de la Comunidad (Salmo 132) - El arpa de No\u00e9\",\"isPartOf\":{\"@id\":\"https:\/\/d2n2.org\/blogs\/Elarpadenoe\/#website\"},\"datePublished\":\"2019-02-24T10:19:10+00:00\",\"author\":{\"@id\":\"https:\/\/d2n2.org\/blogs\/Elarpadenoe\/#\/schema\/person\/f67608cac647351c030ac446487adef7\"},\"breadcrumb\":{\"@id\":\"https:\/\/d2n2.org\/blogs\/Elarpadenoe\/salmo-la-comunidad-salmo-132\/#breadcrumb\"},\"inLanguage\":\"es\",\"potentialAction\":[{\"@type\":\"ReadAction\",\"target\":[\"https:\/\/d2n2.org\/blogs\/Elarpadenoe\/salmo-la-comunidad-salmo-132\/\"]}]},{\"@type\":\"BreadcrumbList\",\"@id\":\"https:\/\/d2n2.org\/blogs\/Elarpadenoe\/salmo-la-comunidad-salmo-132\/#breadcrumb\",\"itemListElement\":[{\"@type\":\"ListItem\",\"position\":1,\"name\":\"Home\",\"item\":\"https:\/\/d2n2.org\/blogs\/Elarpadenoe\/\"},{\"@type\":\"ListItem\",\"position\":2,\"name\":\"Salmo de la Comunidad (Salmo 132)\"}]},{\"@type\":\"WebSite\",\"@id\":\"https:\/\/d2n2.org\/blogs\/Elarpadenoe\/#website\",\"url\":\"https:\/\/d2n2.org\/blogs\/Elarpadenoe\/\",\"name\":\"El arpa de No\u00e9\",\"description\":\"\u00a1Salvemos las canciones!\",\"potentialAction\":[{\"@type\":\"SearchAction\",\"target\":{\"@type\":\"EntryPoint\",\"urlTemplate\":\"https:\/\/d2n2.org\/blogs\/Elarpadenoe\/?s={search_term_string}\"},\"query-input\":{\"@type\":\"PropertyValueSpecification\",\"valueRequired\":true,\"valueName\":\"search_term_string\"}}],\"inLanguage\":\"es\"},{\"@type\":\"Person\",\"@id\":\"https:\/\/d2n2.org\/blogs\/Elarpadenoe\/#\/schema\/person\/f67608cac647351c030ac446487adef7\",\"name\":\"Arturo de C\u00e1ceres\",\"image\":{\"@type\":\"ImageObject\",\"inLanguage\":\"es\",\"@id\":\"https:\/\/d2n2.org\/blogs\/Elarpadenoe\/#\/schema\/person\/image\/\",\"url\":\"https:\/\/secure.gravatar.com\/avatar\/17f7ce5ab6b48234b35e3df3e711035a892ad497dfa5c015e2ed965200f2c5a9?s=96&d=mm&r=g\",\"contentUrl\":\"https:\/\/secure.gravatar.com\/avatar\/17f7ce5ab6b48234b35e3df3e711035a892ad497dfa5c015e2ed965200f2c5a9?s=96&d=mm&r=g\",\"caption\":\"Arturo de C\u00e1ceres\"},\"url\":\"https:\/\/d2n2.org\/blogs\/Elarpadenoe\/author\/garturete\/\"}]}<\/script>\n<!-- \/ Yoast SEO plugin. -->","yoast_head_json":{"title":"Salmo de la Comunidad (Salmo 132) - El arpa de No\u00e9","robots":{"index":"index","follow":"follow","max-snippet":"max-snippet:-1","max-image-preview":"max-image-preview:large","max-video-preview":"max-video-preview:-1"},"canonical":"https:\/\/d2n2.org\/blogs\/Elarpadenoe\/salmo-la-comunidad-salmo-132\/","og_locale":"es_ES","og_type":"article","og_title":"Salmo de la Comunidad (Salmo 132) - El arpa de No\u00e9","og_description":"Salmo de la Comunidad (Salmo 132) lam rem EN EL NOMBRE DEL SE\u00d1OR Mi lam NOS HEMOS REUNIDO (BIS) Do [&hellip;]","og_url":"https:\/\/d2n2.org\/blogs\/Elarpadenoe\/salmo-la-comunidad-salmo-132\/","og_site_name":"El arpa de No\u00e9","article_published_time":"2019-02-24T10:19:10+00:00","author":"Arturo de C\u00e1ceres","twitter_misc":{"Escrito por":"Arturo de C\u00e1ceres"},"schema":{"@context":"https:\/\/schema.org","@graph":[{"@type":"Article","@id":"https:\/\/d2n2.org\/blogs\/Elarpadenoe\/salmo-la-comunidad-salmo-132\/#article","isPartOf":{"@id":"https:\/\/d2n2.org\/blogs\/Elarpadenoe\/salmo-la-comunidad-salmo-132\/"},"author":{"name":"Arturo de C\u00e1ceres","@id":"https:\/\/d2n2.org\/blogs\/Elarpadenoe\/#\/schema\/person\/f67608cac647351c030ac446487adef7"},"headline":"Salmo de la Comunidad (Salmo 132)","datePublished":"2019-02-24T10:19:10+00:00","mainEntityOfPage":{"@id":"https:\/\/d2n2.org\/blogs\/Elarpadenoe\/salmo-la-comunidad-salmo-132\/"},"wordCount":79,"commentCount":0,"articleSection":["Biblia","S"],"inLanguage":"es","potentialAction":[{"@type":"CommentAction","name":"Comment","target":["https:\/\/d2n2.org\/blogs\/Elarpadenoe\/salmo-la-comunidad-salmo-132\/#respond"]}]},{"@type":"WebPage","@id":"https:\/\/d2n2.org\/blogs\/Elarpadenoe\/salmo-la-comunidad-salmo-132\/","url":"https:\/\/d2n2.org\/blogs\/Elarpadenoe\/salmo-la-comunidad-salmo-132\/","name":"Salmo de la Comunidad (Salmo 132) - El arpa de No\u00e9","isPartOf":{"@id":"https:\/\/d2n2.org\/blogs\/Elarpadenoe\/#website"},"datePublished":"2019-02-24T10:19:10+00:00","author":{"@id":"https:\/\/d2n2.org\/blogs\/Elarpadenoe\/#\/schema\/person\/f67608cac647351c030ac446487adef7"},"breadcrumb":{"@id":"https:\/\/d2n2.org\/blogs\/Elarpadenoe\/salmo-la-comunidad-salmo-132\/#breadcrumb"},"inLanguage":"es","potentialAction":[{"@type":"ReadAction","target":["https:\/\/d2n2.org\/blogs\/Elarpadenoe\/salmo-la-comunidad-salmo-132\/"]}]},{"@type":"BreadcrumbList","@id":"https:\/\/d2n2.org\/blogs\/Elarpadenoe\/salmo-la-comunidad-salmo-132\/#breadcrumb","itemListElement":[{"@type":"ListItem","position":1,"name":"Home","item":"https:\/\/d2n2.org\/blogs\/Elarpadenoe\/"},{"@type":"ListItem","position":2,"name":"Salmo de la Comunidad (Salmo 132)"}]},{"@type":"WebSite","@id":"https:\/\/d2n2.org\/blogs\/Elarpadenoe\/#website","url":"https:\/\/d2n2.org\/blogs\/Elarpadenoe\/","name":"El arpa de No\u00e9","description":"\u00a1Salvemos las canciones!","potentialAction":[{"@type":"SearchAction","target":{"@type":"EntryPoint","urlTemplate":"https:\/\/d2n2.org\/blogs\/Elarpadenoe\/?s={search_term_string}"},"query-input":{"@type":"PropertyValueSpecification","valueRequired":true,"valueName":"search_term_string"}}],"inLanguage":"es"},{"@type":"Person","@id":"https:\/\/d2n2.org\/blogs\/Elarpadenoe\/#\/schema\/person\/f67608cac647351c030ac446487adef7","name":"Arturo de C\u00e1ceres","image":{"@type":"ImageObject","inLanguage":"es","@id":"https:\/\/d2n2.org\/blogs\/Elarpadenoe\/#\/schema\/person\/image\/","url":"https:\/\/secure.gravatar.com\/avatar\/17f7ce5ab6b48234b35e3df3e711035a892ad497dfa5c015e2ed965200f2c5a9?s=96&d=mm&r=g","contentUrl":"https:\/\/secure.gravatar.com\/avatar\/17f7ce5ab6b48234b35e3df3e711035a892ad497dfa5c015e2ed965200f2c5a9?s=96&d=mm&r=g","caption":"Arturo de C\u00e1ceres"},"url":"https:\/\/d2n2.org\/blogs\/Elarpadenoe\/author\/garturete\/"}]}},"_links":{"self":[{"href":"https:\/\/d2n2.org\/blogs\/Elarpadenoe\/wp-json\/wp\/v2\/posts\/1452","targetHints":{"allow":["GET"]}}],"collection":[{"href":"https:\/\/d2n2.org\/blogs\/Elarpadenoe\/wp-json\/wp\/v2\/posts"}],"about":[{"href":"https:\/\/d2n2.org\/blogs\/Elarpadenoe\/wp-json\/wp\/v2\/types\/post"}],"author":[{"embeddable":true,"href":"https:\/\/d2n2.org\/blogs\/Elarpadenoe\/wp-json\/wp\/v2\/users\/4"}],"replies":[{"embeddable":true,"href":"https:\/\/d2n2.org\/blogs\/Elarpadenoe\/wp-json\/wp\/v2\/comments?post=1452"}],"version-history":[{"count":1,"href":"https:\/\/d2n2.org\/blogs\/Elarpadenoe\/wp-json\/wp\/v2\/posts\/1452\/revisions"}],"predecessor-version":[{"id":1454,"href":"https:\/\/d2n2.org\/blogs\/Elarpadenoe\/wp-json\/wp\/v2\/posts\/1452\/revisions\/1454"}],"wp:attachment":[{"href":"https:\/\/d2n2.org\/blogs\/Elarpadenoe\/wp-json\/wp\/v2\/media?parent=1452"}],"wp:term":[{"taxonomy":"category","embeddable":true,"href":"https:\/\/d2n2.org\/blogs\/Elarpadenoe\/wp-json\/wp\/v2\/categories?post=1452"},{"taxonomy":"post_tag","embeddable":true,"href":"https:\/\/d2n2.org\/blogs\/Elarpadenoe\/wp-json\/wp\/v2\/tags?post=1452"}],"curies":[{"name":"wp","href":"https:\/\/api.w.org\/{rel}","templated":true}]}}