{"id":1196,"date":"2018-06-30T10:19:33","date_gmt":"2018-06-30T10:19:33","guid":{"rendered":"http:\/\/d2n2.org\/blogs\/Elarpadenoe\/?p=1196"},"modified":"2024-07-01T13:02:54","modified_gmt":"2024-07-01T13:02:54","slug":"omnipotente-altisimo","status":"publish","type":"post","link":"https:\/\/d2n2.org\/blogs\/Elarpadenoe\/omnipotente-altisimo\/","title":{"rendered":"Omnipotente, alt\u00edsimo"},"content":{"rendered":"<span id=\"post-ratings-1196\" class=\"post-ratings\" data-nonce=\"03f79d0623\"><img decoding=\"async\" id=\"rating_1196_1\" src=\"https:\/\/d2n2.org\/blogs\/Elarpadenoe\/wp-content\/plugins\/wp-postratings\/images\/heart\/rating_1_on.gif\" alt=\"Me gusta\" title=\"Me gusta\" onmouseover=\"current_rating(1196, 1, 'Me gusta');\" onmouseout=\"ratings_off(1, 0, 0);\" onclick=\"rate_post();\" onkeypress=\"rate_post();\" style=\"cursor: pointer; border: 0px;\" \/> (<strong>4<\/strong> votos, promedio: <strong>1,00<\/strong> de 1)<br \/><span class=\"post-ratings-text\" id=\"ratings_1196_text\"><\/span><\/span><span id=\"post-ratings-1196-loading\" class=\"post-ratings-loading\"><img decoding=\"async\" src=\"https:\/\/d2n2.org\/blogs\/Elarpadenoe\/wp-content\/plugins\/wp-postratings\/images\/loading.gif\" width=\"16\" height=\"16\" class=\"post-ratings-image\" \/>Cargando...<\/span>\n<audio class=\"wp-audio-shortcode\" id=\"audio-1196-1\" preload=\"none\" style=\"width: 100%;\" controls=\"controls\"><source type=\"audio\/mpeg\" src=\"http:\/\/d2n2.org\/blogs\/Elarpadenoe\/wp-content\/uploads\/2018\/03\/OMNIPOTENTE-ALT\u00cdSIMO.mp3?_=1\" \/><a href=\"http:\/\/d2n2.org\/blogs\/Elarpadenoe\/wp-content\/uploads\/2018\/03\/OMNIPOTENTE-ALT\u00cdSIMO.mp3\">http:\/\/d2n2.org\/blogs\/Elarpadenoe\/wp-content\/uploads\/2018\/03\/OMNIPOTENTE-ALT\u00cdSIMO.mp3<\/a><\/audio>\n<p><a href=\"http:\/\/d2n2.org\/blogs\/Elarpadenoe\/wp-content\/uploads\/2018\/03\/OMNIPOTENTE-ALT\u00cdSIMO.mp3\">Omnipotente, alt\u00edsimo<\/a><\/p>\n<p>Do Sol Fa Do<br \/>\nOmnipotente, Alt\u00edsimo, bondadoso Se\u00f1or,<br \/>\nFa Do rem Sol<br \/>\ntuyas son la alabanza, la gloria y el honor.<br \/>\nDo Sol Fa Do<br \/>\nTan s\u00f3lo T\u00fa eres digno de toda bendici\u00f3n,<br \/>\nFa Do Sol Do<br \/>\ny nunca es digno el hombre de hacer de ti menci\u00f3n.<\/p>\n<p>Do Fa Do Fa Do rem Sol<br \/>\nLOADO SEAS, MI SE\u00d1OR, POR TODA CRIATURA, POR EL HERMANO SOL.<br \/>\nDo Fa Do Fa Do Sol Do<br \/>\nLOADO SEAS, MI SE\u00d1OR, POR LA HERMANA TIERRA, LAS FLORES DE COLOR.<\/p>\n<p>Y por la hermana luna de blanca luz menor,<br \/>\ny las estrellas claras que tu poder cre\u00f3,<br \/>\ntan limpias, tan hermosas, tan vivas como son,<br \/>\ny brillan en los cielos, loado mi Se\u00f1or<\/p>\n<p>Y por la hermana agua, preciosa en su candor,<br \/>\nque es \u00fatil, casta, humilde, loado mi Se\u00f1or<br \/>\nPor el hermano fuego que alumbra al irse el sol<br \/>\ny es fuerte, hermoso, alegre, loado mi Se\u00f1or.<\/p>\n<p>LOADO SEAS, MI SE\u00d1OR&#8230;<\/p>\n<p>Y por la hermana tierra que es toda bendici\u00f3n<br \/>\nla hermana, madre tierra, que da en toda ocasi\u00f3n<br \/>\nlas hierbas y los frutos y flores de color,<br \/>\ny nos sustenta y rige, loado mi Se\u00f1or.<\/p>\n<p>Y por los que perdonan y aguantan por tu amor<br \/>\nlos males corporales y la tribulaci\u00f3n<br \/>\n\u00a1felices los que sufren en paz con el dolor<br \/>\nporque les llega el tiempo de la consolaci\u00f3n!<\/p>\n<p>LOADO SEAS, MI SE\u00d1OR&#8230;<\/p>\n<p>Y por la hermana muerte, loado mi Se\u00f1or.<br \/>\nNing\u00fan viviente escapa de su persecuci\u00f3n<br \/>\n\u00a1Ay, si en pecado grave sorprende al pecador!<br \/>\n\u00a1Dichosos los que cumplen la voluntad de Dios!<\/p>\n<p>No probar\u00e1n la muerte de la condenaci\u00f3n.<br \/>\nServidle con ternura y humilde coraz\u00f3n.<br \/>\n\u00a1Agradeced sus dones, cantad su creaci\u00f3n!<br \/>\n\u00a1Las criaturas todas load a mi Se\u00f1or!<\/p>\n<p>LOADO SEAS, MI SE\u00d1OR&#8230;<\/p>\n","protected":false},"excerpt":{"rendered":"<p>Omnipotente, alt\u00edsimo Do Sol Fa Do Omnipotente, Alt\u00edsimo, bondadoso Se\u00f1or, Fa Do rem Sol tuyas son la alabanza, la gloria [&hellip;]<\/p>\n","protected":false},"author":4,"featured_media":0,"comment_status":"open","ping_status":"open","sticky":false,"template":"","format":"standard","meta":{"_monsterinsights_skip_tracking":false,"_monsterinsights_sitenote_active":false,"_monsterinsights_sitenote_note":"","_monsterinsights_sitenote_category":0,"site-sidebar-layout":"default","site-content-layout":"","ast-site-content-layout":"","site-content-style":"default","site-sidebar-style":"default","ast-global-header-display":"","ast-banner-title-visibility":"","ast-main-header-display":"","ast-hfb-above-header-display":"","ast-hfb-below-header-display":"","ast-hfb-mobile-header-display":"","site-post-title":"","ast-breadcrumbs-content":"","ast-featured-img":"","footer-sml-layout":"","theme-transparent-header-meta":"","adv-header-id-meta":"","stick-header-meta":"","header-above-stick-meta":"","header-main-stick-meta":"","header-below-stick-meta":"","astra-migrate-meta-layouts":"default","ast-page-background-enabled":"default","ast-page-background-meta":{"desktop":{"background-color":"var(--ast-global-color-4)","background-image":"","background-repeat":"repeat","background-position":"center center","background-size":"auto","background-attachment":"scroll","background-type":"","background-media":"","overlay-type":"","overlay-color":"","overlay-gradient":""},"tablet":{"background-color":"","background-image":"","background-repeat":"repeat","background-position":"center center","background-size":"auto","background-attachment":"scroll","background-type":"","background-media":"","overlay-type":"","overlay-color":"","overlay-gradient":""},"mobile":{"background-color":"","background-image":"","background-repeat":"repeat","background-position":"center center","background-size":"auto","background-attachment":"scroll","background-type":"","background-media":"","overlay-type":"","overlay-color":"","overlay-gradient":""}},"ast-content-background-meta":{"desktop":{"background-color":"var(--ast-global-color-5)","background-image":"","background-repeat":"repeat","background-position":"center center","background-size":"auto","background-attachment":"scroll","background-type":"","background-media":"","overlay-type":"","overlay-color":"","overlay-gradient":""},"tablet":{"background-color":"var(--ast-global-color-5)","background-image":"","background-repeat":"repeat","background-position":"center center","background-size":"auto","background-attachment":"scroll","background-type":"","background-media":"","overlay-type":"","overlay-color":"","overlay-gradient":""},"mobile":{"background-color":"var(--ast-global-color-5)","background-image":"","background-repeat":"repeat","background-position":"center center","background-size":"auto","background-attachment":"scroll","background-type":"","background-media":"","overlay-type":"","overlay-color":"","overlay-gradient":""}},"footnotes":"","_links_to":"","_links_to_target":""},"categories":[13,62],"tags":[],"class_list":["post-1196","post","type-post","status-publish","format-standard","hentry","category-alabanza","category-o"],"yoast_head":"<!-- This site is optimized with the Yoast SEO plugin v26.9 - https:\/\/yoast.com\/product\/yoast-seo-wordpress\/ -->\n<title>Omnipotente, alt\u00edsimo - El arpa de No\u00e9<\/title>\n<meta name=\"robots\" content=\"index, follow, max-snippet:-1, max-image-preview:large, max-video-preview:-1\" \/>\n<link rel=\"canonical\" href=\"https:\/\/d2n2.org\/blogs\/Elarpadenoe\/omnipotente-altisimo\/\" \/>\n<meta property=\"og:locale\" content=\"es_ES\" \/>\n<meta property=\"og:type\" content=\"article\" \/>\n<meta property=\"og:title\" content=\"Omnipotente, alt\u00edsimo - El arpa de No\u00e9\" \/>\n<meta property=\"og:description\" content=\"Omnipotente, alt\u00edsimo Do Sol Fa Do Omnipotente, Alt\u00edsimo, bondadoso Se\u00f1or, Fa Do rem Sol tuyas son la alabanza, la gloria [&hellip;]\" \/>\n<meta property=\"og:url\" content=\"https:\/\/d2n2.org\/blogs\/Elarpadenoe\/omnipotente-altisimo\/\" \/>\n<meta property=\"og:site_name\" content=\"El arpa de No\u00e9\" \/>\n<meta property=\"article:published_time\" content=\"2018-06-30T10:19:33+00:00\" \/>\n<meta property=\"article:modified_time\" content=\"2024-07-01T13:02:54+00:00\" \/>\n<meta name=\"author\" content=\"Arturo de C\u00e1ceres\" \/>\n<meta name=\"twitter:label1\" content=\"Escrito por\" \/>\n\t<meta name=\"twitter:data1\" content=\"Arturo de C\u00e1ceres\" \/>\n\t<meta name=\"twitter:label2\" content=\"Tiempo de lectura\" \/>\n\t<meta name=\"twitter:data2\" content=\"2 minutos\" \/>\n<script type=\"application\/ld+json\" class=\"yoast-schema-graph\">{\"@context\":\"https:\/\/schema.org\",\"@graph\":[{\"@type\":\"Article\",\"@id\":\"https:\/\/d2n2.org\/blogs\/Elarpadenoe\/omnipotente-altisimo\/#article\",\"isPartOf\":{\"@id\":\"https:\/\/d2n2.org\/blogs\/Elarpadenoe\/omnipotente-altisimo\/\"},\"author\":{\"name\":\"Arturo de C\u00e1ceres\",\"@id\":\"https:\/\/d2n2.org\/blogs\/Elarpadenoe\/#\/schema\/person\/f67608cac647351c030ac446487adef7\"},\"headline\":\"Omnipotente, alt\u00edsimo\",\"datePublished\":\"2018-06-30T10:19:33+00:00\",\"dateModified\":\"2024-07-01T13:02:54+00:00\",\"mainEntityOfPage\":{\"@id\":\"https:\/\/d2n2.org\/blogs\/Elarpadenoe\/omnipotente-altisimo\/\"},\"wordCount\":336,\"commentCount\":7,\"articleSection\":[\"Alabanza\",\"O\"],\"inLanguage\":\"es\",\"potentialAction\":[{\"@type\":\"CommentAction\",\"name\":\"Comment\",\"target\":[\"https:\/\/d2n2.org\/blogs\/Elarpadenoe\/omnipotente-altisimo\/#respond\"]}]},{\"@type\":\"WebPage\",\"@id\":\"https:\/\/d2n2.org\/blogs\/Elarpadenoe\/omnipotente-altisimo\/\",\"url\":\"https:\/\/d2n2.org\/blogs\/Elarpadenoe\/omnipotente-altisimo\/\",\"name\":\"Omnipotente, alt\u00edsimo - El arpa de No\u00e9\",\"isPartOf\":{\"@id\":\"https:\/\/d2n2.org\/blogs\/Elarpadenoe\/#website\"},\"datePublished\":\"2018-06-30T10:19:33+00:00\",\"dateModified\":\"2024-07-01T13:02:54+00:00\",\"author\":{\"@id\":\"https:\/\/d2n2.org\/blogs\/Elarpadenoe\/#\/schema\/person\/f67608cac647351c030ac446487adef7\"},\"breadcrumb\":{\"@id\":\"https:\/\/d2n2.org\/blogs\/Elarpadenoe\/omnipotente-altisimo\/#breadcrumb\"},\"inLanguage\":\"es\",\"potentialAction\":[{\"@type\":\"ReadAction\",\"target\":[\"https:\/\/d2n2.org\/blogs\/Elarpadenoe\/omnipotente-altisimo\/\"]}]},{\"@type\":\"BreadcrumbList\",\"@id\":\"https:\/\/d2n2.org\/blogs\/Elarpadenoe\/omnipotente-altisimo\/#breadcrumb\",\"itemListElement\":[{\"@type\":\"ListItem\",\"position\":1,\"name\":\"Home\",\"item\":\"https:\/\/d2n2.org\/blogs\/Elarpadenoe\/\"},{\"@type\":\"ListItem\",\"position\":2,\"name\":\"Omnipotente, alt\u00edsimo\"}]},{\"@type\":\"WebSite\",\"@id\":\"https:\/\/d2n2.org\/blogs\/Elarpadenoe\/#website\",\"url\":\"https:\/\/d2n2.org\/blogs\/Elarpadenoe\/\",\"name\":\"El arpa de No\u00e9\",\"description\":\"\u00a1Salvemos las canciones!\",\"potentialAction\":[{\"@type\":\"SearchAction\",\"target\":{\"@type\":\"EntryPoint\",\"urlTemplate\":\"https:\/\/d2n2.org\/blogs\/Elarpadenoe\/?s={search_term_string}\"},\"query-input\":{\"@type\":\"PropertyValueSpecification\",\"valueRequired\":true,\"valueName\":\"search_term_string\"}}],\"inLanguage\":\"es\"},{\"@type\":\"Person\",\"@id\":\"https:\/\/d2n2.org\/blogs\/Elarpadenoe\/#\/schema\/person\/f67608cac647351c030ac446487adef7\",\"name\":\"Arturo de C\u00e1ceres\",\"image\":{\"@type\":\"ImageObject\",\"inLanguage\":\"es\",\"@id\":\"https:\/\/d2n2.org\/blogs\/Elarpadenoe\/#\/schema\/person\/image\/\",\"url\":\"https:\/\/secure.gravatar.com\/avatar\/17f7ce5ab6b48234b35e3df3e711035a892ad497dfa5c015e2ed965200f2c5a9?s=96&d=mm&r=g\",\"contentUrl\":\"https:\/\/secure.gravatar.com\/avatar\/17f7ce5ab6b48234b35e3df3e711035a892ad497dfa5c015e2ed965200f2c5a9?s=96&d=mm&r=g\",\"caption\":\"Arturo de C\u00e1ceres\"},\"url\":\"https:\/\/d2n2.org\/blogs\/Elarpadenoe\/author\/garturete\/\"}]}<\/script>\n<!-- \/ Yoast SEO plugin. -->","yoast_head_json":{"title":"Omnipotente, alt\u00edsimo - El arpa de No\u00e9","robots":{"index":"index","follow":"follow","max-snippet":"max-snippet:-1","max-image-preview":"max-image-preview:large","max-video-preview":"max-video-preview:-1"},"canonical":"https:\/\/d2n2.org\/blogs\/Elarpadenoe\/omnipotente-altisimo\/","og_locale":"es_ES","og_type":"article","og_title":"Omnipotente, alt\u00edsimo - El arpa de No\u00e9","og_description":"Omnipotente, alt\u00edsimo Do Sol Fa Do Omnipotente, Alt\u00edsimo, bondadoso Se\u00f1or, Fa Do rem Sol tuyas son la alabanza, la gloria [&hellip;]","og_url":"https:\/\/d2n2.org\/blogs\/Elarpadenoe\/omnipotente-altisimo\/","og_site_name":"El arpa de No\u00e9","article_published_time":"2018-06-30T10:19:33+00:00","article_modified_time":"2024-07-01T13:02:54+00:00","author":"Arturo de C\u00e1ceres","twitter_misc":{"Escrito por":"Arturo de C\u00e1ceres","Tiempo de lectura":"2 minutos"},"schema":{"@context":"https:\/\/schema.org","@graph":[{"@type":"Article","@id":"https:\/\/d2n2.org\/blogs\/Elarpadenoe\/omnipotente-altisimo\/#article","isPartOf":{"@id":"https:\/\/d2n2.org\/blogs\/Elarpadenoe\/omnipotente-altisimo\/"},"author":{"name":"Arturo de C\u00e1ceres","@id":"https:\/\/d2n2.org\/blogs\/Elarpadenoe\/#\/schema\/person\/f67608cac647351c030ac446487adef7"},"headline":"Omnipotente, alt\u00edsimo","datePublished":"2018-06-30T10:19:33+00:00","dateModified":"2024-07-01T13:02:54+00:00","mainEntityOfPage":{"@id":"https:\/\/d2n2.org\/blogs\/Elarpadenoe\/omnipotente-altisimo\/"},"wordCount":336,"commentCount":7,"articleSection":["Alabanza","O"],"inLanguage":"es","potentialAction":[{"@type":"CommentAction","name":"Comment","target":["https:\/\/d2n2.org\/blogs\/Elarpadenoe\/omnipotente-altisimo\/#respond"]}]},{"@type":"WebPage","@id":"https:\/\/d2n2.org\/blogs\/Elarpadenoe\/omnipotente-altisimo\/","url":"https:\/\/d2n2.org\/blogs\/Elarpadenoe\/omnipotente-altisimo\/","name":"Omnipotente, alt\u00edsimo - El arpa de No\u00e9","isPartOf":{"@id":"https:\/\/d2n2.org\/blogs\/Elarpadenoe\/#website"},"datePublished":"2018-06-30T10:19:33+00:00","dateModified":"2024-07-01T13:02:54+00:00","author":{"@id":"https:\/\/d2n2.org\/blogs\/Elarpadenoe\/#\/schema\/person\/f67608cac647351c030ac446487adef7"},"breadcrumb":{"@id":"https:\/\/d2n2.org\/blogs\/Elarpadenoe\/omnipotente-altisimo\/#breadcrumb"},"inLanguage":"es","potentialAction":[{"@type":"ReadAction","target":["https:\/\/d2n2.org\/blogs\/Elarpadenoe\/omnipotente-altisimo\/"]}]},{"@type":"BreadcrumbList","@id":"https:\/\/d2n2.org\/blogs\/Elarpadenoe\/omnipotente-altisimo\/#breadcrumb","itemListElement":[{"@type":"ListItem","position":1,"name":"Home","item":"https:\/\/d2n2.org\/blogs\/Elarpadenoe\/"},{"@type":"ListItem","position":2,"name":"Omnipotente, alt\u00edsimo"}]},{"@type":"WebSite","@id":"https:\/\/d2n2.org\/blogs\/Elarpadenoe\/#website","url":"https:\/\/d2n2.org\/blogs\/Elarpadenoe\/","name":"El arpa de No\u00e9","description":"\u00a1Salvemos las canciones!","potentialAction":[{"@type":"SearchAction","target":{"@type":"EntryPoint","urlTemplate":"https:\/\/d2n2.org\/blogs\/Elarpadenoe\/?s={search_term_string}"},"query-input":{"@type":"PropertyValueSpecification","valueRequired":true,"valueName":"search_term_string"}}],"inLanguage":"es"},{"@type":"Person","@id":"https:\/\/d2n2.org\/blogs\/Elarpadenoe\/#\/schema\/person\/f67608cac647351c030ac446487adef7","name":"Arturo de C\u00e1ceres","image":{"@type":"ImageObject","inLanguage":"es","@id":"https:\/\/d2n2.org\/blogs\/Elarpadenoe\/#\/schema\/person\/image\/","url":"https:\/\/secure.gravatar.com\/avatar\/17f7ce5ab6b48234b35e3df3e711035a892ad497dfa5c015e2ed965200f2c5a9?s=96&d=mm&r=g","contentUrl":"https:\/\/secure.gravatar.com\/avatar\/17f7ce5ab6b48234b35e3df3e711035a892ad497dfa5c015e2ed965200f2c5a9?s=96&d=mm&r=g","caption":"Arturo de C\u00e1ceres"},"url":"https:\/\/d2n2.org\/blogs\/Elarpadenoe\/author\/garturete\/"}]}},"_links":{"self":[{"href":"https:\/\/d2n2.org\/blogs\/Elarpadenoe\/wp-json\/wp\/v2\/posts\/1196","targetHints":{"allow":["GET"]}}],"collection":[{"href":"https:\/\/d2n2.org\/blogs\/Elarpadenoe\/wp-json\/wp\/v2\/posts"}],"about":[{"href":"https:\/\/d2n2.org\/blogs\/Elarpadenoe\/wp-json\/wp\/v2\/types\/post"}],"author":[{"embeddable":true,"href":"https:\/\/d2n2.org\/blogs\/Elarpadenoe\/wp-json\/wp\/v2\/users\/4"}],"replies":[{"embeddable":true,"href":"https:\/\/d2n2.org\/blogs\/Elarpadenoe\/wp-json\/wp\/v2\/comments?post=1196"}],"version-history":[{"count":2,"href":"https:\/\/d2n2.org\/blogs\/Elarpadenoe\/wp-json\/wp\/v2\/posts\/1196\/revisions"}],"predecessor-version":[{"id":2521,"href":"https:\/\/d2n2.org\/blogs\/Elarpadenoe\/wp-json\/wp\/v2\/posts\/1196\/revisions\/2521"}],"wp:attachment":[{"href":"https:\/\/d2n2.org\/blogs\/Elarpadenoe\/wp-json\/wp\/v2\/media?parent=1196"}],"wp:term":[{"taxonomy":"category","embeddable":true,"href":"https:\/\/d2n2.org\/blogs\/Elarpadenoe\/wp-json\/wp\/v2\/categories?post=1196"},{"taxonomy":"post_tag","embeddable":true,"href":"https:\/\/d2n2.org\/blogs\/Elarpadenoe\/wp-json\/wp\/v2\/tags?post=1196"}],"curies":[{"name":"wp","href":"https:\/\/api.w.org\/{rel}","templated":true}]}}